{"id":497,"date":"2019-11-04T11:05:00","date_gmt":"2019-11-04T10:05:00","guid":{"rendered":"http:\/\/pleszew.zhp.wlkp.pl\/?p=497"},"modified":"2020-02-23T11:14:39","modified_gmt":"2020-02-23T10:14:39","slug":"497","status":"publish","type":"post","link":"https:\/\/pleszew.zhp.wlkp.pl\/?p=497","title":{"rendered":"Zbi\u00f3rka ubra\u0144 dla dzieci z Afryki"},"content":{"rendered":"\n<p>Druhna pwd. Patrycja Przodaszek by\u0142a koordynatorem zbi\u00f3rki ubra\u0144 dla dzieci z sieroci\u0144ca Kasisi Children\u2019s Home w Zambii. Mieli\u015bmy kontakt z Karolin\u0105 Marciniak, kt\u00f3ra sp\u0119dzi\u0142a tam miesi\u0105c i wie, \u017ce ubrania bardzo szybko si\u0119 niszcz\u0105. Zebrane rzeczy chcieli\u015bmy wys\u0142a\u0107 dzieciom na \u015bwi\u0119ta! W sieroci\u0144cu jest 250 dzieci, kt\u00f3rym nasza pomoc bardzo si\u0119 przyda\u0142a. Akcja oczywi\u015bcie zako\u0144czy\u0142a si\u0119 powodzeniem. Uda\u0142o nam si\u0119 zebra\u0107 mn\u00f3stwo ubra\u0144, kt\u00f3re na ko\u0144cu posegregowali\u015bmy i wys\u0142ali\u015bmy do sieroci\u0144ca.<\/p>\n\n\n\n<div class=\"wp-block-columns is-layout-flex wp-container-core-columns-is-layout-9d6595d7 wp-block-columns-is-layout-flex\">\n<div class=\"wp-block-column is-layout-flow wp-block-column-is-layout-flow\">\n<figure class=\"wp-block-image size-large\"><img loading=\"lazy\" decoding=\"async\" width=\"732\" height=\"544\" src=\"http:\/\/pleszew.zhp.wlkp.pl\/wp-content\/uploads\/2020\/02\/83495769_468686813811923_5557820885139718144_n.jpg\" alt=\"\" class=\"wp-image-498\" srcset=\"https:\/\/pleszew.zhp.wlkp.pl\/wp-content\/uploads\/2020\/02\/83495769_468686813811923_5557820885139718144_n.jpg 732w, https:\/\/pleszew.zhp.wlkp.pl\/wp-content\/uploads\/2020\/02\/83495769_468686813811923_5557820885139718144_n-300x223.jpg 300w\" sizes=\"auto, (max-width: 732px) 100vw, 732px\" \/><\/figure>\n<\/div>\n\n\n\n<div class=\"wp-block-column is-layout-flow wp-block-column-is-layout-flow\">\n<figure class=\"wp-block-image size-large\"><img loading=\"lazy\" decoding=\"async\" width=\"1024\" height=\"768\" src=\"http:\/\/pleszew.zhp.wlkp.pl\/wp-content\/uploads\/2020\/02\/83888651_579505612631318_233334694039519232_n-1024x768.jpg\" alt=\"\" class=\"wp-image-499\" srcset=\"https:\/\/pleszew.zhp.wlkp.pl\/wp-content\/uploads\/2020\/02\/83888651_579505612631318_233334694039519232_n-1024x768.jpg 1024w, https:\/\/pleszew.zhp.wlkp.pl\/wp-content\/uploads\/2020\/02\/83888651_579505612631318_233334694039519232_n-300x225.jpg 300w, https:\/\/pleszew.zhp.wlkp.pl\/wp-content\/uploads\/2020\/02\/83888651_579505612631318_233334694039519232_n-768x576.jpg 768w, https:\/\/pleszew.zhp.wlkp.pl\/wp-content\/uploads\/2020\/02\/83888651_579505612631318_233334694039519232_n-1536x1152.jpg 1536w, https:\/\/pleszew.zhp.wlkp.pl\/wp-content\/uploads\/2020\/02\/83888651_579505612631318_233334694039519232_n-rotated.jpg 2048w\" sizes=\"auto, (max-width: 1024px) 100vw, 1024px\" \/><\/figure>\n<\/div>\n<\/div>\n\n\n\n<div class=\"wp-block-columns is-layout-flex wp-container-core-columns-is-layout-9d6595d7 wp-block-columns-is-layout-flex\">\n<div class=\"wp-block-column is-layout-flow wp-block-column-is-layout-flow\">\n<figure class=\"wp-block-image size-large\"><img loading=\"lazy\" decoding=\"async\" width=\"960\" height=\"540\" src=\"http:\/\/pleszew.zhp.wlkp.pl\/wp-content\/uploads\/2020\/02\/83454905_2694378900639452_5995427062750380032_n-rotated.jpg\" alt=\"\" class=\"wp-image-500\" srcset=\"https:\/\/pleszew.zhp.wlkp.pl\/wp-content\/uploads\/2020\/02\/83454905_2694378900639452_5995427062750380032_n-rotated.jpg 960w, https:\/\/pleszew.zhp.wlkp.pl\/wp-content\/uploads\/2020\/02\/83454905_2694378900639452_5995427062750380032_n-300x169.jpg 300w, https:\/\/pleszew.zhp.wlkp.pl\/wp-content\/uploads\/2020\/02\/83454905_2694378900639452_5995427062750380032_n-768x432.jpg 768w\" sizes=\"auto, (max-width: 960px) 100vw, 960px\" \/><\/figure>\n<\/div>\n\n\n\n<div class=\"wp-block-column is-layout-flow wp-block-column-is-layout-flow\">\n<figure class=\"wp-block-image size-large\"><img loading=\"lazy\" decoding=\"async\" width=\"747\" height=\"917\" src=\"http:\/\/pleszew.zhp.wlkp.pl\/wp-content\/uploads\/2020\/02\/83406533_566873034170352_1630925934150287360_n.jpg\" alt=\"\" class=\"wp-image-501\" srcset=\"https:\/\/pleszew.zhp.wlkp.pl\/wp-content\/uploads\/2020\/02\/83406533_566873034170352_1630925934150287360_n.jpg 747w, https:\/\/pleszew.zhp.wlkp.pl\/wp-content\/uploads\/2020\/02\/83406533_566873034170352_1630925934150287360_n-244x300.jpg 244w\" sizes=\"auto, (max-width: 747px) 100vw, 747px\" \/><\/figure>\n<\/div>\n<\/div>\n","protected":false},"excerpt":{"rendered":"<p class=\"excerpt\">Druhna pwd. Patrycja Przodaszek by\u0142a koordynatorem zbi\u00f3rki ubra\u0144 dla dzieci z sieroci\u0144ca Kasisi Children\u2019s Home w Zambii. Mieli\u015bmy kontakt z Karolin\u0105 Marciniak, kt\u00f3ra sp\u0119dzi\u0142a tam miesi\u0105c i wie, \u017ce ubrania bardzo szybko si\u0119 niszcz\u0105. Zebrane rzeczy chcieli\u015bmy wys\u0142a\u0107 dzieciom na \u015bwi\u0119ta! W sieroci\u0144cu jest 250 dzieci, kt\u00f3rym nasza pomoc bardzo si\u0119 przyda\u0142a. Akcja oczywi\u015bcie zako\u0144czy\u0142a si\u0119 powodzeniem. Uda\u0142o nam si\u0119&hellip; <a href=\"https:\/\/pleszew.zhp.wlkp.pl\/?p=497\">Read more &rarr;<\/a><\/p>\n","protected":false},"author":2,"featured_media":498,"comment_status":"open","ping_status":"open","sticky":false,"template":"","format":"standard","meta":{"_jetpack_memberships_contains_paid_content":false,"footnotes":""},"categories":[1],"tags":[],"class_list":["post-497","post","type-post","status-publish","format-standard","has-post-thumbnail","hentry","category-bez-kategorii","xfolkentry"],"jetpack_featured_media_url":"https:\/\/pleszew.zhp.wlkp.pl\/wp-content\/uploads\/2020\/02\/83495769_468686813811923_5557820885139718144_n.jpg","jetpack_sharing_enabled":true,"_links":{"self":[{"href":"https:\/\/pleszew.zhp.wlkp.pl\/index.php?rest_route=\/wp\/v2\/posts\/497","targetHints":{"allow":["GET"]}}],"collection":[{"href":"https:\/\/pleszew.zhp.wlkp.pl\/index.php?rest_route=\/wp\/v2\/posts"}],"about":[{"href":"https:\/\/pleszew.zhp.wlkp.pl\/index.php?rest_route=\/wp\/v2\/types\/post"}],"author":[{"embeddable":true,"href":"https:\/\/pleszew.zhp.wlkp.pl\/index.php?rest_route=\/wp\/v2\/users\/2"}],"replies":[{"embeddable":true,"href":"https:\/\/pleszew.zhp.wlkp.pl\/index.php?rest_route=%2Fwp%2Fv2%2Fcomments&post=497"}],"version-history":[{"count":2,"href":"https:\/\/pleszew.zhp.wlkp.pl\/index.php?rest_route=\/wp\/v2\/posts\/497\/revisions"}],"predecessor-version":[{"id":503,"href":"https:\/\/pleszew.zhp.wlkp.pl\/index.php?rest_route=\/wp\/v2\/posts\/497\/revisions\/503"}],"wp:featuredmedia":[{"embeddable":true,"href":"https:\/\/pleszew.zhp.wlkp.pl\/index.php?rest_route=\/wp\/v2\/media\/498"}],"wp:attachment":[{"href":"https:\/\/pleszew.zhp.wlkp.pl\/index.php?rest_route=%2Fwp%2Fv2%2Fmedia&parent=497"}],"wp:term":[{"taxonomy":"category","embeddable":true,"href":"https:\/\/pleszew.zhp.wlkp.pl\/index.php?rest_route=%2Fwp%2Fv2%2Fcategories&post=497"},{"taxonomy":"post_tag","embeddable":true,"href":"https:\/\/pleszew.zhp.wlkp.pl\/index.php?rest_route=%2Fwp%2Fv2%2Ftags&post=497"}],"curies":[{"name":"wp","href":"https:\/\/api.w.org\/{rel}","templated":true}]}}