{"id":504,"date":"2019-10-07T11:15:00","date_gmt":"2019-10-07T09:15:00","guid":{"rendered":"http:\/\/pleszew.zhp.wlkp.pl\/?p=504"},"modified":"2020-02-23T11:27:34","modified_gmt":"2020-02-23T10:27:34","slug":"504","status":"publish","type":"post","link":"https:\/\/pleszew.zhp.wlkp.pl\/?p=504","title":{"rendered":"Po\u015bmiertne nadanie stopnia generalskiego p\u0142k Mieczys\u0142awowi Mozdyniewiczowi"},"content":{"rendered":"\n<p>W dniu 3 pa\u017adziernika 2019 roku brali\u015bmy udzia\u0142 w ceremonii zwi\u0105zanej z po\u015bmiertnym nadaniem stopnia generalskiego p\u0142k Mieczys\u0142awowi Mozdyniewiczowi. O ten stopie\u0144 w 1946 roku z wnioskiem wyst\u0105pi\u0142 gen. Tadeusz Kutrzeba, lecz dopiero teraz zosta\u0142 zrealizowany.<br>\u201ePrezydent Rzeczypospolitej Polskiej postanowieniem z dnia 11 maja 2019 roku mianowa\u0142 p\u0142k dypl. Mieczys\u0142awa Mozdyniewicza na stopie\u0144 Genera\u0142a Brygady\u201d. <\/p>\n\n\n\n<div class=\"wp-block-image\"><figure class=\"aligncenter size-large\"><a href=\"https:\/\/photos.app.goo.gl\/rVuA7PJkX31d3Rtz5\" target=\"_blank\" rel=\"noreferrer noopener\"><img loading=\"lazy\" decoding=\"async\" width=\"933\" height=\"622\" src=\"http:\/\/pleszew.zhp.wlkp.pl\/wp-content\/uploads\/2020\/02\/tablica.jpg\" alt=\"\" class=\"wp-image-505\" srcset=\"https:\/\/pleszew.zhp.wlkp.pl\/wp-content\/uploads\/2020\/02\/tablica.jpg 933w, https:\/\/pleszew.zhp.wlkp.pl\/wp-content\/uploads\/2020\/02\/tablica-300x200.jpg 300w, https:\/\/pleszew.zhp.wlkp.pl\/wp-content\/uploads\/2020\/02\/tablica-768x512.jpg 768w\" sizes=\"auto, (max-width: 933px) 100vw, 933px\" \/><\/a><\/figure><\/div>\n","protected":false},"excerpt":{"rendered":"<p class=\"excerpt\">W dniu 3 pa\u017adziernika 2019 roku brali\u015bmy udzia\u0142 w ceremonii zwi\u0105zanej z po\u015bmiertnym nadaniem stopnia generalskiego p\u0142k Mieczys\u0142awowi Mozdyniewiczowi. O ten stopie\u0144 w 1946 roku z wnioskiem wyst\u0105pi\u0142 gen. Tadeusz Kutrzeba, lecz dopiero teraz zosta\u0142 zrealizowany.\u201ePrezydent Rzeczypospolitej Polskiej postanowieniem z dnia 11 maja 2019 roku mianowa\u0142 p\u0142k dypl. Mieczys\u0142awa Mozdyniewicza na stopie\u0144 Genera\u0142a Brygady\u201d. <a href=\"https:\/\/pleszew.zhp.wlkp.pl\/?p=504\">Read more &rarr;<\/a><\/p>\n","protected":false},"author":2,"featured_media":0,"comment_status":"open","ping_status":"open","sticky":false,"template":"","format":"standard","meta":{"_jetpack_memberships_contains_paid_content":false,"footnotes":""},"categories":[1],"tags":[],"class_list":["post-504","post","type-post","status-publish","format-standard","hentry","category-bez-kategorii","xfolkentry"],"jetpack_featured_media_url":"","jetpack_sharing_enabled":true,"_links":{"self":[{"href":"https:\/\/pleszew.zhp.wlkp.pl\/index.php?rest_route=\/wp\/v2\/posts\/504","targetHints":{"allow":["GET"]}}],"collection":[{"href":"https:\/\/pleszew.zhp.wlkp.pl\/index.php?rest_route=\/wp\/v2\/posts"}],"about":[{"href":"https:\/\/pleszew.zhp.wlkp.pl\/index.php?rest_route=\/wp\/v2\/types\/post"}],"author":[{"embeddable":true,"href":"https:\/\/pleszew.zhp.wlkp.pl\/index.php?rest_route=\/wp\/v2\/users\/2"}],"replies":[{"embeddable":true,"href":"https:\/\/pleszew.zhp.wlkp.pl\/index.php?rest_route=%2Fwp%2Fv2%2Fcomments&post=504"}],"version-history":[{"count":2,"href":"https:\/\/pleszew.zhp.wlkp.pl\/index.php?rest_route=\/wp\/v2\/posts\/504\/revisions"}],"predecessor-version":[{"id":508,"href":"https:\/\/pleszew.zhp.wlkp.pl\/index.php?rest_route=\/wp\/v2\/posts\/504\/revisions\/508"}],"wp:attachment":[{"href":"https:\/\/pleszew.zhp.wlkp.pl\/index.php?rest_route=%2Fwp%2Fv2%2Fmedia&parent=504"}],"wp:term":[{"taxonomy":"category","embeddable":true,"href":"https:\/\/pleszew.zhp.wlkp.pl\/index.php?rest_route=%2Fwp%2Fv2%2Fcategories&post=504"},{"taxonomy":"post_tag","embeddable":true,"href":"https:\/\/pleszew.zhp.wlkp.pl\/index.php?rest_route=%2Fwp%2Fv2%2Ftags&post=504"}],"curies":[{"name":"wp","href":"https:\/\/api.w.org\/{rel}","templated":true}]}}