{"id":510,"date":"2019-09-29T11:28:00","date_gmt":"2019-09-29T09:28:00","guid":{"rendered":"http:\/\/pleszew.zhp.wlkp.pl\/?p=510"},"modified":"2020-02-23T11:29:45","modified_gmt":"2020-02-23T10:29:45","slug":"alert-pamieci-w-80-rocznice-przejscia-zhp-do-konspiracji","status":"publish","type":"post","link":"https:\/\/pleszew.zhp.wlkp.pl\/?p=510","title":{"rendered":"Alert Pami\u0119ci w 80. rocznic\u0119 przej\u015bcia ZHP do konspiracji"},"content":{"rendered":"\n<p>27-28 wrze\u015bnia w Warszawie odby\u0142 si\u0119 Alert Pami\u0119ci w 80. rocznic\u0119 przej\u015bcia ZHP do konspiracji. W pierwszy dzie\u0144 na terenie Muzeum Powstania Warszawskiego odby\u0142a si\u0119 msza \u015bwi\u0119ta oraz koncert piosenek patriotycznych. Drugiego dnia udali\u015bmy si\u0119 na Cmentarz Wojskowy na Pow\u0105zkach, p\u00f3\u017aniej odby\u0142 si\u0119 przemarsz harcerek i harcerzy z placu Zamkowego na plac marsza\u0142ka J\u00f3zefa Pi\u0142sudskiego, na kt\u00f3rym nast\u0119pnie rozpocz\u0105\u0142 si\u0119 uroczysty apel. Podczas tych dw\u00f3ch dni towarzyszyli nam druhny i druhowie z Szarych Szereg\u00f3w, z kt\u00f3rymi mieli\u015bmy okazj\u0119 spotka\u0107 si\u0119 i porozmawia\u0107. <\/p>\n\n\n\n<div class=\"wp-block-image\"><figure class=\"aligncenter size-large\"><a href=\"https:\/\/photos.app.goo.gl\/BAFyeLupq2rY7ChFA\" target=\"_blank\" rel=\"noreferrer noopener\"><img loading=\"lazy\" decoding=\"async\" width=\"550\" height=\"300\" src=\"http:\/\/pleszew.zhp.wlkp.pl\/wp-content\/uploads\/2020\/02\/alert.jpg\" alt=\"\" class=\"wp-image-511\" srcset=\"https:\/\/pleszew.zhp.wlkp.pl\/wp-content\/uploads\/2020\/02\/alert.jpg 550w, https:\/\/pleszew.zhp.wlkp.pl\/wp-content\/uploads\/2020\/02\/alert-300x164.jpg 300w\" sizes=\"auto, (max-width: 550px) 100vw, 550px\" \/><\/a><\/figure><\/div>\n","protected":false},"excerpt":{"rendered":"<p class=\"excerpt\">27-28 wrze\u015bnia w Warszawie odby\u0142 si\u0119 Alert Pami\u0119ci w 80. rocznic\u0119 przej\u015bcia ZHP do konspiracji. W pierwszy dzie\u0144 na terenie Muzeum Powstania Warszawskiego odby\u0142a si\u0119 msza \u015bwi\u0119ta oraz koncert piosenek patriotycznych. Drugiego dnia udali\u015bmy si\u0119 na Cmentarz Wojskowy na Pow\u0105zkach, p\u00f3\u017aniej odby\u0142 si\u0119 przemarsz harcerek i harcerzy z placu Zamkowego na plac marsza\u0142ka J\u00f3zefa Pi\u0142sudskiego, na kt\u00f3rym nast\u0119pnie rozpocz\u0105\u0142 si\u0119&hellip; <a href=\"https:\/\/pleszew.zhp.wlkp.pl\/?p=510\">Read more &rarr;<\/a><\/p>\n","protected":false},"author":2,"featured_media":511,"comment_status":"open","ping_status":"open","sticky":false,"template":"","format":"standard","meta":{"_jetpack_memberships_contains_paid_content":false,"footnotes":""},"categories":[1],"tags":[],"class_list":["post-510","post","type-post","status-publish","format-standard","has-post-thumbnail","hentry","category-bez-kategorii","xfolkentry"],"jetpack_featured_media_url":"https:\/\/pleszew.zhp.wlkp.pl\/wp-content\/uploads\/2020\/02\/alert.jpg","jetpack_sharing_enabled":true,"_links":{"self":[{"href":"https:\/\/pleszew.zhp.wlkp.pl\/index.php?rest_route=\/wp\/v2\/posts\/510","targetHints":{"allow":["GET"]}}],"collection":[{"href":"https:\/\/pleszew.zhp.wlkp.pl\/index.php?rest_route=\/wp\/v2\/posts"}],"about":[{"href":"https:\/\/pleszew.zhp.wlkp.pl\/index.php?rest_route=\/wp\/v2\/types\/post"}],"author":[{"embeddable":true,"href":"https:\/\/pleszew.zhp.wlkp.pl\/index.php?rest_route=\/wp\/v2\/users\/2"}],"replies":[{"embeddable":true,"href":"https:\/\/pleszew.zhp.wlkp.pl\/index.php?rest_route=%2Fwp%2Fv2%2Fcomments&post=510"}],"version-history":[{"count":1,"href":"https:\/\/pleszew.zhp.wlkp.pl\/index.php?rest_route=\/wp\/v2\/posts\/510\/revisions"}],"predecessor-version":[{"id":512,"href":"https:\/\/pleszew.zhp.wlkp.pl\/index.php?rest_route=\/wp\/v2\/posts\/510\/revisions\/512"}],"wp:featuredmedia":[{"embeddable":true,"href":"https:\/\/pleszew.zhp.wlkp.pl\/index.php?rest_route=\/wp\/v2\/media\/511"}],"wp:attachment":[{"href":"https:\/\/pleszew.zhp.wlkp.pl\/index.php?rest_route=%2Fwp%2Fv2%2Fmedia&parent=510"}],"wp:term":[{"taxonomy":"category","embeddable":true,"href":"https:\/\/pleszew.zhp.wlkp.pl\/index.php?rest_route=%2Fwp%2Fv2%2Fcategories&post=510"},{"taxonomy":"post_tag","embeddable":true,"href":"https:\/\/pleszew.zhp.wlkp.pl\/index.php?rest_route=%2Fwp%2Fv2%2Ftags&post=510"}],"curies":[{"name":"wp","href":"https:\/\/api.w.org\/{rel}","templated":true}]}}