{"id":513,"date":"2019-09-01T11:32:00","date_gmt":"2019-09-01T09:32:00","guid":{"rendered":"http:\/\/pleszew.zhp.wlkp.pl\/?p=513"},"modified":"2020-02-23T11:32:34","modified_gmt":"2020-02-23T10:32:34","slug":"80-rocznica-wybuchu-ii-wojny-swiatowej","status":"publish","type":"post","link":"https:\/\/pleszew.zhp.wlkp.pl\/?p=513","title":{"rendered":"80. rocznica wybuchu II wojny \u015bwiatowej"},"content":{"rendered":"\n<p>W 80. rocznic\u0119 wybuchu II Wojny \u015awiatowej wzi\u0119li\u015bmy udzia\u0142 we mszy \u015bwi\u0119tej w farze i uroczysto\u015bciach na Placu Powsta\u0144c\u00f3w Wielkopolskich. W trakcie uroczysto\u015bci s\u0142u\u017cb\u0119 pe\u0142nili:<br><\/p>\n\n\n\n<ul class=\"wp-block-list\"><li>Poczet Sztandarowy w sk\u0142adzie: \u0107w. Szymon Mielcarek (chor\u0105\u017cy), och. Klaudia \u017barnowska (asysta), oh. Weronika Szymczyk (asysta)<\/li><li>Poczet Flagowy w sk\u0142adzie: wyw. Filip Fabisiak, och. Ma\u0142gorzata J\u0119druszek, och. Zofia J\u0119druszek;<\/li><li>gaw\u0119d\u0119 okoliczno\u015bciow\u0105 wyg\u0142osi\u0142 Jan Owczarski HO;<\/li><li>w imieniu harcerzy znicz z\u0142o\u017cyli: zuch Aleksander Paw\u0142owski (lat 6), och. Angelika Knappe, sam. Julia Tana\u015b;<\/li><li>odpowiedzialnym za koordynacj\u0119 Poczt\u00f3w Sztandarowych by\u0142 hm. Zygmunt Reszel.<br><\/li><\/ul>\n\n\n\n<div class=\"wp-block-image\"><figure class=\"aligncenter size-large\"><a href=\"https:\/\/photos.app.goo.gl\/smKS5SJtGkSobhQu5\" target=\"_blank\" rel=\"noreferrer noopener\"><img loading=\"lazy\" decoding=\"async\" width=\"550\" height=\"300\" src=\"http:\/\/pleszew.zhp.wlkp.pl\/wp-content\/uploads\/2020\/02\/druga_wojna.jpg\" alt=\"\" class=\"wp-image-514\" srcset=\"https:\/\/pleszew.zhp.wlkp.pl\/wp-content\/uploads\/2020\/02\/druga_wojna.jpg 550w, https:\/\/pleszew.zhp.wlkp.pl\/wp-content\/uploads\/2020\/02\/druga_wojna-300x164.jpg 300w\" sizes=\"auto, (max-width: 550px) 100vw, 550px\" \/><\/a><\/figure><\/div>\n","protected":false},"excerpt":{"rendered":"<p class=\"excerpt\">W 80. rocznic\u0119 wybuchu II Wojny \u015awiatowej wzi\u0119li\u015bmy udzia\u0142 we mszy \u015bwi\u0119tej w farze i uroczysto\u015bciach na Placu Powsta\u0144c\u00f3w Wielkopolskich. W trakcie uroczysto\u015bci s\u0142u\u017cb\u0119 pe\u0142nili: Poczet Sztandarowy w sk\u0142adzie: \u0107w. Szymon Mielcarek (chor\u0105\u017cy), och. Klaudia \u017barnowska (asysta), oh. Weronika Szymczyk (asysta) Poczet Flagowy w sk\u0142adzie: wyw. Filip Fabisiak, och. Ma\u0142gorzata J\u0119druszek, och. Zofia J\u0119druszek; gaw\u0119d\u0119 okoliczno\u015bciow\u0105 wyg\u0142osi\u0142 Jan Owczarski HO;&hellip; <a href=\"https:\/\/pleszew.zhp.wlkp.pl\/?p=513\">Read more &rarr;<\/a><\/p>\n","protected":false},"author":2,"featured_media":514,"comment_status":"open","ping_status":"open","sticky":false,"template":"","format":"standard","meta":{"_jetpack_memberships_contains_paid_content":false,"footnotes":""},"categories":[1],"tags":[],"class_list":["post-513","post","type-post","status-publish","format-standard","has-post-thumbnail","hentry","category-bez-kategorii","xfolkentry"],"jetpack_featured_media_url":"https:\/\/pleszew.zhp.wlkp.pl\/wp-content\/uploads\/2020\/02\/druga_wojna.jpg","jetpack_sharing_enabled":true,"_links":{"self":[{"href":"https:\/\/pleszew.zhp.wlkp.pl\/index.php?rest_route=\/wp\/v2\/posts\/513","targetHints":{"allow":["GET"]}}],"collection":[{"href":"https:\/\/pleszew.zhp.wlkp.pl\/index.php?rest_route=\/wp\/v2\/posts"}],"about":[{"href":"https:\/\/pleszew.zhp.wlkp.pl\/index.php?rest_route=\/wp\/v2\/types\/post"}],"author":[{"embeddable":true,"href":"https:\/\/pleszew.zhp.wlkp.pl\/index.php?rest_route=\/wp\/v2\/users\/2"}],"replies":[{"embeddable":true,"href":"https:\/\/pleszew.zhp.wlkp.pl\/index.php?rest_route=%2Fwp%2Fv2%2Fcomments&post=513"}],"version-history":[{"count":1,"href":"https:\/\/pleszew.zhp.wlkp.pl\/index.php?rest_route=\/wp\/v2\/posts\/513\/revisions"}],"predecessor-version":[{"id":515,"href":"https:\/\/pleszew.zhp.wlkp.pl\/index.php?rest_route=\/wp\/v2\/posts\/513\/revisions\/515"}],"wp:featuredmedia":[{"embeddable":true,"href":"https:\/\/pleszew.zhp.wlkp.pl\/index.php?rest_route=\/wp\/v2\/media\/514"}],"wp:attachment":[{"href":"https:\/\/pleszew.zhp.wlkp.pl\/index.php?rest_route=%2Fwp%2Fv2%2Fmedia&parent=513"}],"wp:term":[{"taxonomy":"category","embeddable":true,"href":"https:\/\/pleszew.zhp.wlkp.pl\/index.php?rest_route=%2Fwp%2Fv2%2Fcategories&post=513"},{"taxonomy":"post_tag","embeddable":true,"href":"https:\/\/pleszew.zhp.wlkp.pl\/index.php?rest_route=%2Fwp%2Fv2%2Ftags&post=513"}],"curies":[{"name":"wp","href":"https:\/\/api.w.org\/{rel}","templated":true}]}}