{"id":516,"date":"2019-08-15T11:34:00","date_gmt":"2019-08-15T09:34:00","guid":{"rendered":"http:\/\/pleszew.zhp.wlkp.pl\/?p=516"},"modified":"2020-02-23T11:37:02","modified_gmt":"2020-02-23T10:37:02","slug":"obchody-swieta-wojska-polskiego","status":"publish","type":"post","link":"https:\/\/pleszew.zhp.wlkp.pl\/?p=516","title":{"rendered":"Obchody \u015awi\u0119ta Wojska Polskiego"},"content":{"rendered":"\n<p>W przeddzie\u0144 Dnia Wojska Polskiego jak co roku brali\u015bmy udzia\u0142 uroczysto\u015bciach upami\u0119tniaj\u0105cych 99. rocznic\u0119 Bitwy Warszawskiej w 1920 roku zwanej \u201eCudem nad Wis\u0142\u0105\u201d.<br>Pod pomnikiem \u201eChwa\u0142a Artylerzystom\u201d w raz z Dru\u017cyn\u0105 Tradycji 70 Pu\u0142ku Piechoty dh Weronika Mann HO i dh sam. Julia Tana\u015b sta\u0142y na Warcie Honorowej. Natomiast dh \u0107w. Filip Walendowski sk\u0142ada\u0142 wi\u0105zanki kwiat\u00f3w od delegacji pod pomnikiem.<br>W drugiej cz\u0119\u015bci, kt\u00f3ra odby\u0142a si\u0119 w restauracji \u201eKASYNO\u201d dh pwd. Patrycja Przodaszek wraz z harcerkami swoim wyst\u0119pem u\u015bwietni\u0142a uroczysto\u015b\u0107. W\u015br\u00f3d odznaczonych by\u0142 dh. Zygmunt, kt\u00f3ry otrzyma\u0142 Z\u0142oty Krzy\u017c z Gwiazd\u0105 Zwi\u0105zku \u017bo\u0142nierzy Wojska Polskiego. <\/p>\n\n\n\n<div class=\"wp-block-image\"><figure class=\"aligncenter size-large\"><a href=\"https:\/\/photos.app.goo.gl\/ZNGnBsVkM5FQDD9u9\" target=\"_blank\" rel=\"noreferrer noopener\"><img loading=\"lazy\" decoding=\"async\" width=\"550\" height=\"300\" src=\"http:\/\/pleszew.zhp.wlkp.pl\/wp-content\/uploads\/2020\/02\/wp_2019.jpg\" alt=\"\" class=\"wp-image-517\" srcset=\"https:\/\/pleszew.zhp.wlkp.pl\/wp-content\/uploads\/2020\/02\/wp_2019.jpg 550w, https:\/\/pleszew.zhp.wlkp.pl\/wp-content\/uploads\/2020\/02\/wp_2019-300x164.jpg 300w\" sizes=\"auto, (max-width: 550px) 100vw, 550px\" \/><\/a><\/figure><\/div>\n","protected":false},"excerpt":{"rendered":"<p class=\"excerpt\">W przeddzie\u0144 Dnia Wojska Polskiego jak co roku brali\u015bmy udzia\u0142 uroczysto\u015bciach upami\u0119tniaj\u0105cych 99. rocznic\u0119 Bitwy Warszawskiej w 1920 roku zwanej \u201eCudem nad Wis\u0142\u0105\u201d.Pod pomnikiem \u201eChwa\u0142a Artylerzystom\u201d w raz z Dru\u017cyn\u0105 Tradycji 70 Pu\u0142ku Piechoty dh Weronika Mann HO i dh sam. Julia Tana\u015b sta\u0142y na Warcie Honorowej. Natomiast dh \u0107w. Filip Walendowski sk\u0142ada\u0142 wi\u0105zanki kwiat\u00f3w od delegacji pod pomnikiem.W drugiej&hellip; <a href=\"https:\/\/pleszew.zhp.wlkp.pl\/?p=516\">Read more &rarr;<\/a><\/p>\n","protected":false},"author":2,"featured_media":517,"comment_status":"open","ping_status":"open","sticky":false,"template":"","format":"standard","meta":{"_jetpack_memberships_contains_paid_content":false,"footnotes":""},"categories":[1],"tags":[],"class_list":["post-516","post","type-post","status-publish","format-standard","has-post-thumbnail","hentry","category-bez-kategorii","xfolkentry"],"jetpack_featured_media_url":"https:\/\/pleszew.zhp.wlkp.pl\/wp-content\/uploads\/2020\/02\/wp_2019.jpg","jetpack_sharing_enabled":true,"_links":{"self":[{"href":"https:\/\/pleszew.zhp.wlkp.pl\/index.php?rest_route=\/wp\/v2\/posts\/516","targetHints":{"allow":["GET"]}}],"collection":[{"href":"https:\/\/pleszew.zhp.wlkp.pl\/index.php?rest_route=\/wp\/v2\/posts"}],"about":[{"href":"https:\/\/pleszew.zhp.wlkp.pl\/index.php?rest_route=\/wp\/v2\/types\/post"}],"author":[{"embeddable":true,"href":"https:\/\/pleszew.zhp.wlkp.pl\/index.php?rest_route=\/wp\/v2\/users\/2"}],"replies":[{"embeddable":true,"href":"https:\/\/pleszew.zhp.wlkp.pl\/index.php?rest_route=%2Fwp%2Fv2%2Fcomments&post=516"}],"version-history":[{"count":1,"href":"https:\/\/pleszew.zhp.wlkp.pl\/index.php?rest_route=\/wp\/v2\/posts\/516\/revisions"}],"predecessor-version":[{"id":518,"href":"https:\/\/pleszew.zhp.wlkp.pl\/index.php?rest_route=\/wp\/v2\/posts\/516\/revisions\/518"}],"wp:featuredmedia":[{"embeddable":true,"href":"https:\/\/pleszew.zhp.wlkp.pl\/index.php?rest_route=\/wp\/v2\/media\/517"}],"wp:attachment":[{"href":"https:\/\/pleszew.zhp.wlkp.pl\/index.php?rest_route=%2Fwp%2Fv2%2Fmedia&parent=516"}],"wp:term":[{"taxonomy":"category","embeddable":true,"href":"https:\/\/pleszew.zhp.wlkp.pl\/index.php?rest_route=%2Fwp%2Fv2%2Fcategories&post=516"},{"taxonomy":"post_tag","embeddable":true,"href":"https:\/\/pleszew.zhp.wlkp.pl\/index.php?rest_route=%2Fwp%2Fv2%2Ftags&post=516"}],"curies":[{"name":"wp","href":"https:\/\/api.w.org\/{rel}","templated":true}]}}