{"id":519,"date":"2019-08-02T11:37:00","date_gmt":"2019-08-02T09:37:00","guid":{"rendered":"http:\/\/pleszew.zhp.wlkp.pl\/?p=519"},"modified":"2020-02-23T11:49:58","modified_gmt":"2020-02-23T10:49:58","slug":"75-rocznica-wybuchu-powstania-warszawskiego","status":"publish","type":"post","link":"https:\/\/pleszew.zhp.wlkp.pl\/?p=519","title":{"rendered":"75. rocznica wybuchu Powstania Warszawskiego"},"content":{"rendered":"\n<p>Wczoraj po raz 75. uczcili\u015bmy &#8222;Godzin\u0119 W&#8221; na pleszewskim rynku. Razem z Grup\u0105 Rekonstrukcyjn\u0105 70. Pu\u0142ku Piechoty, pleszewskimi kibicami, a tak\u017ce w\u0142adzami i mieszka\u0144cami miasta wzi\u0119li\u015bmy udzia\u0142 w uroczysto\u015bci upami\u0119tnienia wybuchu powstania warszawskiego. Po przemowie stan\u0119li\u015bmy na baczno\u015b\u0107 do hymnu, po kt\u00f3rym delegacje z\u0142o\u017cy\u0142y kwiaty pod tablic\u0105 upami\u0119tniaj\u0105c\u0105 pleszewski ruch oporu. Bardzo dzi\u0119kujemy wszystkim za przybycie i pami\u0119\u0107 o bohaterskich czynach naszych przodk\u00f3w. Czuwaj! <\/p>\n\n\n\n<div class=\"wp-block-image\"><figure class=\"aligncenter size-large\"><a href=\"https:\/\/photos.app.goo.gl\/5GBhaYrZiiRrmaZp9\" target=\"_blank\" rel=\"noreferrer noopener\"><img loading=\"lazy\" decoding=\"async\" width=\"933\" height=\"622\" src=\"http:\/\/pleszew.zhp.wlkp.pl\/wp-content\/uploads\/2020\/02\/5d43071169430_osize933x0q70h5c01ce.jpg\" alt=\"\" class=\"wp-image-520\" srcset=\"https:\/\/pleszew.zhp.wlkp.pl\/wp-content\/uploads\/2020\/02\/5d43071169430_osize933x0q70h5c01ce.jpg 933w, https:\/\/pleszew.zhp.wlkp.pl\/wp-content\/uploads\/2020\/02\/5d43071169430_osize933x0q70h5c01ce-300x200.jpg 300w, https:\/\/pleszew.zhp.wlkp.pl\/wp-content\/uploads\/2020\/02\/5d43071169430_osize933x0q70h5c01ce-768x512.jpg 768w\" sizes=\"auto, (max-width: 933px) 100vw, 933px\" \/><\/a><\/figure><\/div>\n","protected":false},"excerpt":{"rendered":"<p class=\"excerpt\">Wczoraj po raz 75. uczcili\u015bmy &#8222;Godzin\u0119 W&#8221; na pleszewskim rynku. Razem z Grup\u0105 Rekonstrukcyjn\u0105 70. Pu\u0142ku Piechoty, pleszewskimi kibicami, a tak\u017ce w\u0142adzami i mieszka\u0144cami miasta wzi\u0119li\u015bmy udzia\u0142 w uroczysto\u015bci upami\u0119tnienia wybuchu powstania warszawskiego. Po przemowie stan\u0119li\u015bmy na baczno\u015b\u0107 do hymnu, po kt\u00f3rym delegacje z\u0142o\u017cy\u0142y kwiaty pod tablic\u0105 upami\u0119tniaj\u0105c\u0105 pleszewski ruch oporu. Bardzo dzi\u0119kujemy wszystkim za przybycie i pami\u0119\u0107 o bohaterskich&hellip; <a href=\"https:\/\/pleszew.zhp.wlkp.pl\/?p=519\">Read more &rarr;<\/a><\/p>\n","protected":false},"author":2,"featured_media":520,"comment_status":"open","ping_status":"open","sticky":false,"template":"","format":"standard","meta":{"_jetpack_memberships_contains_paid_content":false,"footnotes":""},"categories":[1],"tags":[],"class_list":["post-519","post","type-post","status-publish","format-standard","has-post-thumbnail","hentry","category-bez-kategorii","xfolkentry"],"jetpack_featured_media_url":"https:\/\/pleszew.zhp.wlkp.pl\/wp-content\/uploads\/2020\/02\/5d43071169430_osize933x0q70h5c01ce.jpg","jetpack_sharing_enabled":true,"_links":{"self":[{"href":"https:\/\/pleszew.zhp.wlkp.pl\/index.php?rest_route=\/wp\/v2\/posts\/519","targetHints":{"allow":["GET"]}}],"collection":[{"href":"https:\/\/pleszew.zhp.wlkp.pl\/index.php?rest_route=\/wp\/v2\/posts"}],"about":[{"href":"https:\/\/pleszew.zhp.wlkp.pl\/index.php?rest_route=\/wp\/v2\/types\/post"}],"author":[{"embeddable":true,"href":"https:\/\/pleszew.zhp.wlkp.pl\/index.php?rest_route=\/wp\/v2\/users\/2"}],"replies":[{"embeddable":true,"href":"https:\/\/pleszew.zhp.wlkp.pl\/index.php?rest_route=%2Fwp%2Fv2%2Fcomments&post=519"}],"version-history":[{"count":2,"href":"https:\/\/pleszew.zhp.wlkp.pl\/index.php?rest_route=\/wp\/v2\/posts\/519\/revisions"}],"predecessor-version":[{"id":522,"href":"https:\/\/pleszew.zhp.wlkp.pl\/index.php?rest_route=\/wp\/v2\/posts\/519\/revisions\/522"}],"wp:featuredmedia":[{"embeddable":true,"href":"https:\/\/pleszew.zhp.wlkp.pl\/index.php?rest_route=\/wp\/v2\/media\/520"}],"wp:attachment":[{"href":"https:\/\/pleszew.zhp.wlkp.pl\/index.php?rest_route=%2Fwp%2Fv2%2Fmedia&parent=519"}],"wp:term":[{"taxonomy":"category","embeddable":true,"href":"https:\/\/pleszew.zhp.wlkp.pl\/index.php?rest_route=%2Fwp%2Fv2%2Fcategories&post=519"},{"taxonomy":"post_tag","embeddable":true,"href":"https:\/\/pleszew.zhp.wlkp.pl\/index.php?rest_route=%2Fwp%2Fv2%2Ftags&post=519"}],"curies":[{"name":"wp","href":"https:\/\/api.w.org\/{rel}","templated":true}]}}