{"id":536,"date":"2019-05-25T17:23:00","date_gmt":"2019-05-25T15:23:00","guid":{"rendered":"http:\/\/pleszew.zhp.wlkp.pl\/?p=536"},"modified":"2020-02-23T21:51:11","modified_gmt":"2020-02-23T20:51:11","slug":"harcerskiea-wyprawa-pamieci-na-monte-cassino","status":"publish","type":"post","link":"https:\/\/pleszew.zhp.wlkp.pl\/?p=536","title":{"rendered":"Harcerska Wyprawa Pami\u0119ci na Monte Cassino"},"content":{"rendered":"\n<p>W dniach 13 &#8211; 21 maja 27-osobowa reprezentacja harcerzy i instruktor\u00f3w z Hufca ZHP Jarocin wzi\u0119\u0142a udzia\u0142 w Harcerskiej Wyprawie Pami\u0119ci na Monte Cassino. Jako reprezentacja naszego Zwi\u0105zku Dru\u017cyn pojechali: druhna Anna K\u0142akulak HO, druhna sam. Julia Tana\u015b oraz druh m\u0142. Filip Walendowski. Harcerze z ZHP od wielu lat odwiedzaj\u0105 polskie cmentarze wojenne we W\u0142oszech, by uczci\u0107 pami\u0119\u0107 o \u017co\u0142nierzach, kt\u00f3rzy przelali sw\u0105 krew w drodze do Ojczyzny. W tym roku uda\u0142o si\u0119 r\u00f3wnie\u017c nam wzi\u0105\u0107 udzia\u0142 w tych niezwyk\u0142ych odchodach. We wtorek odwiedzili\u015bmy polski cmentarz wojenny w Bolonii, gdzie spoczywa ponad 1400 \u017co\u0142nierzy 2. Korpusu Polskiego. Nast\u0119pnie udali\u015bmy si\u0119 Rzymu. W Rzymie pomimo z\u0142ej pogody uda\u0142o nam si\u0119 zwiedzi\u0107 najwa\u017cniejsze zabytki tego pi\u0119knego miasta. Czwartek by\u0142 pierwszym dniem naszej s\u0142u\u017cby.<br>W Mignano Monte Lungo znajduje si\u0119 Kaplica Wojskowa i Cmentarz Wojskowy, a samo miejsce by\u0142o niegdy\u015b miejscem star\u0107 \u017co\u0142nierzy w\u0142oskich i niemieckich. To tam po raz pierwszy mieli\u015bmy zaszczyt spotka\u0107 i porozmawia\u0107 z uczestnikami bitwy o Monte Cassino. Po uroczysto\u015bciach na Monte Lungo udali\u015bmy si\u0119 do Cassino, aby wzi\u0105\u0107 udzia\u0142 w koncercie Wojskowej Orkiestry d\u0119tej. W pi\u0105tek nasi harcerze min. porz\u0105dkowali cmentarz na sobotnie uroczysto\u015bci, zdobili krzy\u017ce bia\u0142o-czerwonymi wst\u0105\u017ckami. W sobot\u0119 od samego rana, harcerki i harcerze brali udzia\u0142 w przygotowywaniu Polskiego Cmentarza Wojennego na Monte Cassino do popo\u0142udniowych uroczysto\u015bci. Min. dbali\u015bmy o roznoszenie wody dla uczestnik\u00f3w, pe\u0142nili\u015bmy s\u0142u\u017cb\u0119 medyczn\u0105, reprezentacyjn\u0105 oraz pomagali\u015bmy kombatantom w dotarciu na miejsce uroczysto\u015bci. Nasi harcerze trzyma\u0142a te\u017c wart\u0119 honorow\u0105 przy grobach poleg\u0142ych \u017co\u0142nierzy. W polowej mszy \u015bw. oraz p\u00f3\u017aniejszych uroczysto\u015bciach wzi\u0119li udzia\u0142 Prezydent Polski Andrzej Duda, oraz Prezydent W\u0142och Sergio Mattarella. By\u0142 to dla nas niezwyk\u0142y dzie\u0144. Zm\u0119czeni, ale szcz\u0119\u015bliwi p\u00f3\u017anym wieczorem wyruszyli\u015bmy do Rzymu. Cz\u0119\u015b\u0107 naszej reprezentacji pozosta\u0142a na Monte Cassino, aby w niedziel\u0119 wzi\u0105\u0107 udzia\u0142 w uroczysto\u015bciach w Piedimonte San Germano, by przy pomniku polskim na tamtejszym wzg\u00f3rzu odda\u0107 ho\u0142d tym, kt\u00f3rzy tam polegli. W Watykanie harcerze wzi\u0119li udzia\u0142 we mszy \u015bw. w Bazylice \u015aw. Piotra oraz w modlitwie Regina Coeli na placu \u015bw. Piotra odm\u00f3wionej przez Papie\u017ca Franciszka. Ostatni dzie\u0144 up\u0142yn\u0105\u0142 nam w drodze do domu, podczas kt\u00f3rej mieli\u015bmy mo\u017cliwo\u015b\u0107 zwiedzi\u0107 Wiede\u0144.<br>Nasz wyjazd by\u0142 niezwyk\u0142\u0105 i niezapomnian\u0105 \u017cyw\u0105 lekcj\u0105 historii, kt\u00f3rej nigdy nie zapomnimy. <\/p>\n\n\n\n<div class=\"wp-block-image\"><figure class=\"aligncenter size-large\"><a href=\"https:\/\/photos.app.goo.gl\/qwuyG5kkkGN6jzFp6\" target=\"_blank\" rel=\"noreferrer noopener\"><img loading=\"lazy\" decoding=\"async\" width=\"550\" height=\"300\" src=\"http:\/\/pleszew.zhp.wlkp.pl\/wp-content\/uploads\/2020\/02\/monte_casino.jpg\" alt=\"\" class=\"wp-image-537\" srcset=\"https:\/\/pleszew.zhp.wlkp.pl\/wp-content\/uploads\/2020\/02\/monte_casino.jpg 550w, https:\/\/pleszew.zhp.wlkp.pl\/wp-content\/uploads\/2020\/02\/monte_casino-300x164.jpg 300w\" sizes=\"auto, (max-width: 550px) 100vw, 550px\" \/><\/a><\/figure><\/div>\n\n\n\n<p class=\"has-text-color has-text-align-left has-small-font-size has-very-dark-gray-color\"> <a href=\"https:\/\/www.facebook.com\/pg\/HufiecZHPJarocin\/photos\/?tab=album&amp;album_id=2260116890736200&amp;__xts__%5B0%5D=68.ARCtFtnvKPe2ee806KxzwtQO3CsBKGPvxiTC_5151iDCy6neBwdMNet929W4dWJlPgxzwur2ymA1kym8f1Ghc6tJru-R1qe_eX6CQFS_7PnSdezj0J7FEvEwYfG3UgWgHkFBpi2ZwlH4n9poiiNfHCWDWvU_3XL-RwwLbZVXldaPXYVdG589ET2u-D744GXxpwTlV3o8qH6HwHIPfMrqt-A_in-wwF8tdBm-_jriZzyx-vozUG2pueIWjGOVj6O-CqeqiIFPxGMSNSh8nwoDmKgdmJwyyrJOQeD4vD1fRX8e6ptBYhAMnyfiq6HQba_HvGT8wJ0dB7PH8XNAebAAnPrwfmJyZBYUE0wCdxnKnFC8G0c8bNhLjyi54-mClCqDN-78Ynpr3ZGJl43MkzIvzDAdgM3ZK0tvuNFCfxpR-VPMs4-ozWju-eJOfDESovr8trb6dqv0zeAVlK062jLQqg&amp;__tn__=H-R\">\u0179r\u00f3d\u0142o: Hufiec ZHP Jarocin<\/a> <\/p>\n","protected":false},"excerpt":{"rendered":"<p class=\"excerpt\">W dniach 13 &#8211; 21 maja 27-osobowa reprezentacja harcerzy i instruktor\u00f3w z Hufca ZHP Jarocin wzi\u0119\u0142a udzia\u0142 w Harcerskiej Wyprawie Pami\u0119ci na Monte Cassino. Jako reprezentacja naszego Zwi\u0105zku Dru\u017cyn pojechali: druhna Anna K\u0142akulak HO, druhna sam. Julia Tana\u015b oraz druh m\u0142. Filip Walendowski. Harcerze z ZHP od wielu lat odwiedzaj\u0105 polskie cmentarze wojenne we W\u0142oszech, by uczci\u0107 pami\u0119\u0107 o \u017co\u0142nierzach,&hellip; <a href=\"https:\/\/pleszew.zhp.wlkp.pl\/?p=536\">Read more &rarr;<\/a><\/p>\n","protected":false},"author":2,"featured_media":537,"comment_status":"open","ping_status":"open","sticky":false,"template":"","format":"standard","meta":{"_jetpack_memberships_contains_paid_content":false,"footnotes":""},"categories":[1],"tags":[],"class_list":["post-536","post","type-post","status-publish","format-standard","has-post-thumbnail","hentry","category-bez-kategorii","xfolkentry"],"jetpack_featured_media_url":"https:\/\/pleszew.zhp.wlkp.pl\/wp-content\/uploads\/2020\/02\/monte_casino.jpg","jetpack_sharing_enabled":true,"_links":{"self":[{"href":"https:\/\/pleszew.zhp.wlkp.pl\/index.php?rest_route=\/wp\/v2\/posts\/536","targetHints":{"allow":["GET"]}}],"collection":[{"href":"https:\/\/pleszew.zhp.wlkp.pl\/index.php?rest_route=\/wp\/v2\/posts"}],"about":[{"href":"https:\/\/pleszew.zhp.wlkp.pl\/index.php?rest_route=\/wp\/v2\/types\/post"}],"author":[{"embeddable":true,"href":"https:\/\/pleszew.zhp.wlkp.pl\/index.php?rest_route=\/wp\/v2\/users\/2"}],"replies":[{"embeddable":true,"href":"https:\/\/pleszew.zhp.wlkp.pl\/index.php?rest_route=%2Fwp%2Fv2%2Fcomments&post=536"}],"version-history":[{"count":5,"href":"https:\/\/pleszew.zhp.wlkp.pl\/index.php?rest_route=\/wp\/v2\/posts\/536\/revisions"}],"predecessor-version":[{"id":610,"href":"https:\/\/pleszew.zhp.wlkp.pl\/index.php?rest_route=\/wp\/v2\/posts\/536\/revisions\/610"}],"wp:featuredmedia":[{"embeddable":true,"href":"https:\/\/pleszew.zhp.wlkp.pl\/index.php?rest_route=\/wp\/v2\/media\/537"}],"wp:attachment":[{"href":"https:\/\/pleszew.zhp.wlkp.pl\/index.php?rest_route=%2Fwp%2Fv2%2Fmedia&parent=536"}],"wp:term":[{"taxonomy":"category","embeddable":true,"href":"https:\/\/pleszew.zhp.wlkp.pl\/index.php?rest_route=%2Fwp%2Fv2%2Fcategories&post=536"},{"taxonomy":"post_tag","embeddable":true,"href":"https:\/\/pleszew.zhp.wlkp.pl\/index.php?rest_route=%2Fwp%2Fv2%2Ftags&post=536"}],"curies":[{"name":"wp","href":"https:\/\/api.w.org\/{rel}","templated":true}]}}