{"id":584,"date":"2019-02-25T21:28:00","date_gmt":"2019-02-25T20:28:00","guid":{"rendered":"http:\/\/pleszew.zhp.wlkp.pl\/?p=584"},"modified":"2020-02-23T21:29:52","modified_gmt":"2020-02-23T20:29:52","slug":"dzien-mysli-braterskiej-2","status":"publish","type":"post","link":"https:\/\/pleszew.zhp.wlkp.pl\/?p=584","title":{"rendered":"Dzie\u0144 My\u015bli Braterskiej"},"content":{"rendered":"\n<p>W niedzielny poranek zako\u0144czyli\u015bmy nasz biwak z okazji Dnia My\u015bli Braterskiej. Ju\u017c w pi\u0105tek ca\u0142ym Zwi\u0105zkiem Dru\u017cyn spotkali\u015bmy si\u0119 w Zespole Szk\u00f3\u0142 Publicznych nr 1 w Pleszewie. Na pocz\u0105tek biwaku nasi harcerze wzi\u0119li udzia\u0142 w konkursie \u201eHarcerz z talentem\u201d. Mogli\u015bmy pos\u0142ucha\u0107 pi\u0119knego \u015bpiewu naszych harcerek, zobaczy\u0107 fantastyczne ta\u0144ce i zapieraj\u0105ce dech w piersiach obrazki. Wszystkim uczestnikom serdecznie gratulujemy i \u017cyczymy dalszych sukces\u00f3w i rozwijania swoich talent\u00f3w.<br>Nasi harcerze wzi\u0119li r\u00f3wnie\u017c udzia\u0142 w konkursie na najpi\u0119kniejszy kajet, kt\u00f3ry ocenia\u0142a nasza Druhna Komendantka. Kajety by\u0142y osza\u0142amiaj\u0105ce, pi\u0119kne, kolorowe, pe\u0142ne pasji i oczywi\u015bcie harcerskiej wiedzy. Znowu trudno by\u0142o wybra\u0107 tylko jedn\u0105 osob\u0119, dlatego druhna Komendantka postanowi\u0142a nagrodzi\u0107 wszystkich. Serdecznie gratulujemy.<br>Pod koniec dnia odby\u0142o si\u0119 uroczyste \u015bwiecowisko i gra dla harcerzy starszych. Nast\u0119pnego dnia czeka\u0142y na nas zaj\u0119cia z wiedzy harcerskiej. Szczeg\u00f3lnie wspania\u0142ym momentem by\u0142o poznanie zabaw, w kt\u00f3re bawi\u0105 si\u0119 skauci z wybranych kraj\u00f3w. Ubaw by\u0142 po pachy. Po pysznym obiadku pojechali\u015bmy na hufcowe obchody Dnia My\u015bli Braterskiej do Nowych Skalmierzyc. Ka\u017cdy pion metodyczny mia\u0142 okazje si\u0119 pozna\u0107 i zintegrowa\u0107 na przygotowanych dla nas zaj\u0119ciach. Po przerwie na co\u015b s\u0142odkiego udali\u015bmy si\u0119 na uroczysty kominek. U\u015bmiechni\u0119ci i zadowoleni wr\u00f3cili\u015bmy do szko\u0142y i ani si\u0119 nie obejrzeli\u015bmy, a ju\u017c nasta\u0142a niedziela i przysz\u0142o nam opu\u015bci\u0107 mury szko\u0142y. Z u\u015bmiechem na ustach wr\u00f3cili\u015bmy do dom\u00f3w. Biwak by\u0142 cudownie sp\u0119dzonym czasem. Bardzo dzi\u0119kujemy wszystkim za pi\u0119kne \u017cyczenia. Ju\u017c teraz nie mo\u017cemy doczeka\u0107 si\u0119 kolejnego biwaku.<\/p>\n\n\n\n<div class=\"wp-block-image\"><figure class=\"aligncenter size-large\"><a href=\"https:\/\/photos.app.goo.gl\/9uUkUeq2JX4EBFsG7\" target=\"_blank\" rel=\"noreferrer noopener\"><img loading=\"lazy\" decoding=\"async\" width=\"550\" height=\"300\" src=\"http:\/\/pleszew.zhp.wlkp.pl\/wp-content\/uploads\/2020\/02\/dmb_2019.jpg\" alt=\"\" class=\"wp-image-585\" srcset=\"https:\/\/pleszew.zhp.wlkp.pl\/wp-content\/uploads\/2020\/02\/dmb_2019.jpg 550w, https:\/\/pleszew.zhp.wlkp.pl\/wp-content\/uploads\/2020\/02\/dmb_2019-300x164.jpg 300w\" sizes=\"auto, (max-width: 550px) 100vw, 550px\" \/><\/a><\/figure><\/div>\n","protected":false},"excerpt":{"rendered":"<p class=\"excerpt\">W niedzielny poranek zako\u0144czyli\u015bmy nasz biwak z okazji Dnia My\u015bli Braterskiej. Ju\u017c w pi\u0105tek ca\u0142ym Zwi\u0105zkiem Dru\u017cyn spotkali\u015bmy si\u0119 w Zespole Szk\u00f3\u0142 Publicznych nr 1 w Pleszewie. Na pocz\u0105tek biwaku nasi harcerze wzi\u0119li udzia\u0142 w konkursie \u201eHarcerz z talentem\u201d. Mogli\u015bmy pos\u0142ucha\u0107 pi\u0119knego \u015bpiewu naszych harcerek, zobaczy\u0107 fantastyczne ta\u0144ce i zapieraj\u0105ce dech w piersiach obrazki. Wszystkim uczestnikom serdecznie gratulujemy i \u017cyczymy&hellip; <a href=\"https:\/\/pleszew.zhp.wlkp.pl\/?p=584\">Read more &rarr;<\/a><\/p>\n","protected":false},"author":2,"featured_media":585,"comment_status":"open","ping_status":"open","sticky":false,"template":"","format":"standard","meta":{"_jetpack_memberships_contains_paid_content":false,"footnotes":""},"categories":[1],"tags":[],"class_list":["post-584","post","type-post","status-publish","format-standard","has-post-thumbnail","hentry","category-bez-kategorii","xfolkentry"],"jetpack_featured_media_url":"https:\/\/pleszew.zhp.wlkp.pl\/wp-content\/uploads\/2020\/02\/dmb_2019.jpg","jetpack_sharing_enabled":true,"_links":{"self":[{"href":"https:\/\/pleszew.zhp.wlkp.pl\/index.php?rest_route=\/wp\/v2\/posts\/584","targetHints":{"allow":["GET"]}}],"collection":[{"href":"https:\/\/pleszew.zhp.wlkp.pl\/index.php?rest_route=\/wp\/v2\/posts"}],"about":[{"href":"https:\/\/pleszew.zhp.wlkp.pl\/index.php?rest_route=\/wp\/v2\/types\/post"}],"author":[{"embeddable":true,"href":"https:\/\/pleszew.zhp.wlkp.pl\/index.php?rest_route=\/wp\/v2\/users\/2"}],"replies":[{"embeddable":true,"href":"https:\/\/pleszew.zhp.wlkp.pl\/index.php?rest_route=%2Fwp%2Fv2%2Fcomments&post=584"}],"version-history":[{"count":1,"href":"https:\/\/pleszew.zhp.wlkp.pl\/index.php?rest_route=\/wp\/v2\/posts\/584\/revisions"}],"predecessor-version":[{"id":586,"href":"https:\/\/pleszew.zhp.wlkp.pl\/index.php?rest_route=\/wp\/v2\/posts\/584\/revisions\/586"}],"wp:featuredmedia":[{"embeddable":true,"href":"https:\/\/pleszew.zhp.wlkp.pl\/index.php?rest_route=\/wp\/v2\/media\/585"}],"wp:attachment":[{"href":"https:\/\/pleszew.zhp.wlkp.pl\/index.php?rest_route=%2Fwp%2Fv2%2Fmedia&parent=584"}],"wp:term":[{"taxonomy":"category","embeddable":true,"href":"https:\/\/pleszew.zhp.wlkp.pl\/index.php?rest_route=%2Fwp%2Fv2%2Fcategories&post=584"},{"taxonomy":"post_tag","embeddable":true,"href":"https:\/\/pleszew.zhp.wlkp.pl\/index.php?rest_route=%2Fwp%2Fv2%2Ftags&post=584"}],"curies":[{"name":"wp","href":"https:\/\/api.w.org\/{rel}","templated":true}]}}