{"id":628,"date":"2019-01-18T18:19:00","date_gmt":"2019-01-18T17:19:00","guid":{"rendered":"http:\/\/pleszew.zhp.wlkp.pl\/?p=628"},"modified":"2020-02-28T18:24:13","modified_gmt":"2020-02-28T17:24:13","slug":"628","status":"publish","type":"post","link":"https:\/\/pleszew.zhp.wlkp.pl\/?p=628","title":{"rendered":""},"content":{"rendered":"\n<p class=\"has-text-align-left\">Naczelniczka Zwi\u0105zku Harcerstwa Polskiego<\/p>\n\n\n\n<p class=\"has-text-align-right\">Warszawa, 18 stycznia 2019 r.<\/p>\n\n\n\n<p class=\"has-text-align-center\">Rozkaz Specjalny L.S. 1\/2019<\/p>\n\n\n\n<p class=\"has-text-align-left\">Druhny i Druhowie,<\/p>\n\n\n\n<p>Stracili\u015bmy Niezawodnego Przyjaciela \u2013 Prezydent Gda\u0144ska Pan Pawe\u0142 Adamowicz zosta\u0142 zaatakowany i zmar\u0142 w wyniku zadanych mu ran. Stracili\u015bmy Przyjaciela, kt\u00f3ry nie tylko dostrzega\u0142 ogromny potencja\u0142 harcerstwa, ale tak\u017ce motywowa\u0142 nas do ci\u0105g\u0142ego poszukiwania nowych, coraz trudniejszych wyzwa\u0144. Stracili\u015bmy sojusznika, kt\u00f3ry \u015bwietnie rozumia\u0142 idee przy\u015bwiecaj\u0105ce harcerstwu i zach\u0119ca\u0142 do tego, \u017ceby\u015bmy wci\u0105\u017c si\u0119 rozwijali, aby\u015bmy patrzyli w przysz\u0142o\u015b\u0107 i dzia\u0142ali tak, aby by\u0142a ona jak najlepsza. Stracili\u015bmy Cz\u0142owieka, dla kt\u00f3rego wa\u017cna by\u0142a otwarto\u015b\u0107 na r\u00f3\u017cnorodno\u015b\u0107 i solidarno\u015b\u0107 w\u015br\u00f3d ludzi. Wydarzy\u0142o si\u0119 z\u0142o, do kt\u00f3rego nie powinno by\u0142o doj\u015b\u0107.<\/p>\n\n\n\n<p>Druhny i Druhowie,<\/p>\n\n\n\n<p>Harcerze nie mog\u0105 by\u0107 jedynie biernymi obserwatorami \u017cycia. Harcerze musz\u0105 radzi\u0107 sobie z trudno\u015bciami, pokonywa\u0107 przeszkody, stawia\u0107 czo\u0142a wyzwaniom. Naszym celem powinno by\u0107 to, aby wyeliminowa\u0107 jak najwi\u0119cej z\u0142a z naszego otoczenia; aby takie akty przemocy nie powt\u00f3rzy\u0142y si\u0119 w przysz\u0142o\u015bci.<\/p>\n\n\n\n<p><em>\u201eHarcerz w ka\u017cdym widzi bli\u017aniego, a za brata uwa\u017ca ka\u017cdego innego harcerza.\u201d<\/em><\/p>\n\n\n\n<p>Dzi\u015b, w obliczu przemocy, kt\u00f3ra przybiera rozmaite formy i z kt\u00f3r\u0105 spotykamy si\u0119 coraz cz\u0119\u015bciej, ten punkt prawa harcerskiego szczeg\u00f3lnie powinien nadawa\u0107 ton naszym dzia\u0142aniom. Harcerstwo to szko\u0142a \u017cycia, kt\u00f3ra musi uczy\u0107 tego, jak rozwi\u0105zywa\u0107 konflikty w spos\u00f3b spokojny; jak wyra\u017ca\u0107 niezadowolenie nikogo nie rani\u0105c i nie obra\u017caj\u0105c; jak budowa\u0107 zaufanie spo\u0142eczne. Co mo\u017cemy zrobi\u0107, \u017ceby \u015bwiat wok\u00f3\u0142 nas by\u0142 bezpieczniejszy?<\/p>\n\n\n\n<p>Druhny i Druhowie,<\/p>\n\n\n\n<p>Z\u0142o i przemoc przybieraj\u0105 r\u00f3\u017cne formy. Jedn\u0105 z nich jest agresja s\u0142owna. Mo\u017cemy podj\u0105\u0107 dzia\u0142ania, kt\u00f3re tak\u0105 agresj\u0119 w naszym otoczeniu ogranicz\u0105, a nawet zupe\u0142nie wyeliminuj\u0105. W Centralnym Banku Pomys\u0142\u00f3w umie\u015bcili\u015bmy materia\u0142y, kt\u00f3re pozwol\u0105 Wam w trakcie zbi\u00f3rek zuchowych i harcerskich zaj\u0105\u0107 si\u0119 tematem agresji s\u0142ownej. Podejmijcie stoj\u0105ce przed nami wyzwanie \u2013 wyeliminujmy z naszych zachowa\u0144 mow\u0119 nienawi\u015bci. Miejcie odwag\u0119 nie by\u0107 oboj\u0119tnymi na z\u0142o i ka\u017cdego dnia zmienia\u0107 \u015bwiat na lepszy!<\/p>\n\n\n\n<p>Czuwaj!<br>hm. Anna Nowosad\n\n<\/p>\n","protected":false},"excerpt":{"rendered":"<p class=\"excerpt\">Naczelniczka Zwi\u0105zku Harcerstwa Polskiego Warszawa, 18 stycznia 2019 r. Rozkaz Specjalny L.S. 1\/2019 Druhny i Druhowie, Stracili\u015bmy Niezawodnego Przyjaciela \u2013 Prezydent Gda\u0144ska Pan Pawe\u0142 Adamowicz zosta\u0142 zaatakowany i zmar\u0142 w wyniku zadanych mu ran. Stracili\u015bmy Przyjaciela, kt\u00f3ry nie tylko dostrzega\u0142 ogromny potencja\u0142 harcerstwa, ale tak\u017ce motywowa\u0142 nas do ci\u0105g\u0142ego poszukiwania nowych, coraz trudniejszych wyzwa\u0144. Stracili\u015bmy sojusznika, kt\u00f3ry \u015bwietnie rozumia\u0142 idee&hellip; <a href=\"https:\/\/pleszew.zhp.wlkp.pl\/?p=628\">Read more &rarr;<\/a><\/p>\n","protected":false},"author":2,"featured_media":0,"comment_status":"open","ping_status":"open","sticky":false,"template":"","format":"standard","meta":{"_jetpack_memberships_contains_paid_content":false,"footnotes":""},"categories":[1],"tags":[],"class_list":["post-628","post","type-post","status-publish","format-standard","hentry","category-bez-kategorii","xfolkentry"],"jetpack_featured_media_url":"","jetpack_sharing_enabled":true,"_links":{"self":[{"href":"https:\/\/pleszew.zhp.wlkp.pl\/index.php?rest_route=\/wp\/v2\/posts\/628","targetHints":{"allow":["GET"]}}],"collection":[{"href":"https:\/\/pleszew.zhp.wlkp.pl\/index.php?rest_route=\/wp\/v2\/posts"}],"about":[{"href":"https:\/\/pleszew.zhp.wlkp.pl\/index.php?rest_route=\/wp\/v2\/types\/post"}],"author":[{"embeddable":true,"href":"https:\/\/pleszew.zhp.wlkp.pl\/index.php?rest_route=\/wp\/v2\/users\/2"}],"replies":[{"embeddable":true,"href":"https:\/\/pleszew.zhp.wlkp.pl\/index.php?rest_route=%2Fwp%2Fv2%2Fcomments&post=628"}],"version-history":[{"count":1,"href":"https:\/\/pleszew.zhp.wlkp.pl\/index.php?rest_route=\/wp\/v2\/posts\/628\/revisions"}],"predecessor-version":[{"id":629,"href":"https:\/\/pleszew.zhp.wlkp.pl\/index.php?rest_route=\/wp\/v2\/posts\/628\/revisions\/629"}],"wp:attachment":[{"href":"https:\/\/pleszew.zhp.wlkp.pl\/index.php?rest_route=%2Fwp%2Fv2%2Fmedia&parent=628"}],"wp:term":[{"taxonomy":"category","embeddable":true,"href":"https:\/\/pleszew.zhp.wlkp.pl\/index.php?rest_route=%2Fwp%2Fv2%2Fcategories&post=628"},{"taxonomy":"post_tag","embeddable":true,"href":"https:\/\/pleszew.zhp.wlkp.pl\/index.php?rest_route=%2Fwp%2Fv2%2Ftags&post=628"}],"curies":[{"name":"wp","href":"https:\/\/api.w.org\/{rel}","templated":true}]}}