{"id":634,"date":"2018-12-23T18:29:00","date_gmt":"2018-12-23T17:29:00","guid":{"rendered":"http:\/\/pleszew.zhp.wlkp.pl\/?p=634"},"modified":"2020-02-28T18:30:51","modified_gmt":"2020-02-28T17:30:51","slug":"wigilia-zwiazku-druzyn-2","status":"publish","type":"post","link":"https:\/\/pleszew.zhp.wlkp.pl\/?p=634","title":{"rendered":"Wigilia Zwi\u0105zku Dru\u017cyn"},"content":{"rendered":"\n<p>Wczoraj w auli Zespo\u0142u Szk\u00f3\u0142 Publicznych nr 1 w Pleszewie odby\u0142a si\u0119 nasza harcerska wigilia. Spotkali\u015bmy si\u0119 gronem zuch\u00f3w, harcerzy, harcerzy starszych, w\u0119drownik\u00f3w i instruktor\u00f3w, a tak\u017ce zaprosili\u015bmy naszych rodzic\u00f3w, by m\u00f3c z nimi \u015bwi\u0119towa\u0107. 14 Dru\u017cyna Starszoharcerska im. Baonu Zo\u015bka, czyli ci najstarsi zaprezentowa\u0142a nam kr\u00f3tk\u0105 inscenizacj\u0119 przedstawiaj\u0105c\u0105 w mi\u0142y, a czasem i komiczny spos\u00f3b &#8222;Opowie\u015b\u0107 wigilijn\u0105&#8221;. Po zako\u0144czeniu wigilii wykonali\u015bmy wsp\u00f3ln\u0105 fotografi\u0119, od\u015bpiewali\u015bmy w uroczystym kr\u0119gu &#8222;Bratnie s\u0142owo&#8221;, a nast\u0119pnie przeszli\u015bmy do ko\u015bcio\u0142a pw. \u015awi\u0119cia \u015bw. Jana Chrzciciela w Pleszewie, gdzie przekazali\u015bmy \u015awiat\u0142o. <\/p>\n\n\n\n<div class=\"wp-block-image\"><figure class=\"aligncenter size-large\"><a href=\"https:\/\/photos.app.goo.gl\/VKiYm1BcHSVeVZvs8\" target=\"_blank\" rel=\"noreferrer noopener\"><img loading=\"lazy\" decoding=\"async\" width=\"960\" height=\"636\" src=\"http:\/\/pleszew.zhp.wlkp.pl\/wp-content\/uploads\/2020\/02\/wigilia_.jpg\" alt=\"\" class=\"wp-image-635\" srcset=\"https:\/\/pleszew.zhp.wlkp.pl\/wp-content\/uploads\/2020\/02\/wigilia_.jpg 960w, https:\/\/pleszew.zhp.wlkp.pl\/wp-content\/uploads\/2020\/02\/wigilia_-300x199.jpg 300w, https:\/\/pleszew.zhp.wlkp.pl\/wp-content\/uploads\/2020\/02\/wigilia_-768x509.jpg 768w\" sizes=\"auto, (max-width: 960px) 100vw, 960px\" \/><\/a><\/figure><\/div>\n","protected":false},"excerpt":{"rendered":"<p class=\"excerpt\">Wczoraj w auli Zespo\u0142u Szk\u00f3\u0142 Publicznych nr 1 w Pleszewie odby\u0142a si\u0119 nasza harcerska wigilia. Spotkali\u015bmy si\u0119 gronem zuch\u00f3w, harcerzy, harcerzy starszych, w\u0119drownik\u00f3w i instruktor\u00f3w, a tak\u017ce zaprosili\u015bmy naszych rodzic\u00f3w, by m\u00f3c z nimi \u015bwi\u0119towa\u0107. 14 Dru\u017cyna Starszoharcerska im. Baonu Zo\u015bka, czyli ci najstarsi zaprezentowa\u0142a nam kr\u00f3tk\u0105 inscenizacj\u0119 przedstawiaj\u0105c\u0105 w mi\u0142y, a czasem i komiczny spos\u00f3b &#8222;Opowie\u015b\u0107 wigilijn\u0105&#8221;. Po zako\u0144czeniu&hellip; <a href=\"https:\/\/pleszew.zhp.wlkp.pl\/?p=634\">Read more &rarr;<\/a><\/p>\n","protected":false},"author":2,"featured_media":635,"comment_status":"open","ping_status":"open","sticky":false,"template":"","format":"standard","meta":{"_jetpack_memberships_contains_paid_content":false,"footnotes":""},"categories":[1],"tags":[],"class_list":["post-634","post","type-post","status-publish","format-standard","has-post-thumbnail","hentry","category-bez-kategorii","xfolkentry"],"jetpack_featured_media_url":"https:\/\/pleszew.zhp.wlkp.pl\/wp-content\/uploads\/2020\/02\/wigilia_.jpg","jetpack_sharing_enabled":true,"_links":{"self":[{"href":"https:\/\/pleszew.zhp.wlkp.pl\/index.php?rest_route=\/wp\/v2\/posts\/634","targetHints":{"allow":["GET"]}}],"collection":[{"href":"https:\/\/pleszew.zhp.wlkp.pl\/index.php?rest_route=\/wp\/v2\/posts"}],"about":[{"href":"https:\/\/pleszew.zhp.wlkp.pl\/index.php?rest_route=\/wp\/v2\/types\/post"}],"author":[{"embeddable":true,"href":"https:\/\/pleszew.zhp.wlkp.pl\/index.php?rest_route=\/wp\/v2\/users\/2"}],"replies":[{"embeddable":true,"href":"https:\/\/pleszew.zhp.wlkp.pl\/index.php?rest_route=%2Fwp%2Fv2%2Fcomments&post=634"}],"version-history":[{"count":1,"href":"https:\/\/pleszew.zhp.wlkp.pl\/index.php?rest_route=\/wp\/v2\/posts\/634\/revisions"}],"predecessor-version":[{"id":636,"href":"https:\/\/pleszew.zhp.wlkp.pl\/index.php?rest_route=\/wp\/v2\/posts\/634\/revisions\/636"}],"wp:featuredmedia":[{"embeddable":true,"href":"https:\/\/pleszew.zhp.wlkp.pl\/index.php?rest_route=\/wp\/v2\/media\/635"}],"wp:attachment":[{"href":"https:\/\/pleszew.zhp.wlkp.pl\/index.php?rest_route=%2Fwp%2Fv2%2Fmedia&parent=634"}],"wp:term":[{"taxonomy":"category","embeddable":true,"href":"https:\/\/pleszew.zhp.wlkp.pl\/index.php?rest_route=%2Fwp%2Fv2%2Fcategories&post=634"},{"taxonomy":"post_tag","embeddable":true,"href":"https:\/\/pleszew.zhp.wlkp.pl\/index.php?rest_route=%2Fwp%2Fv2%2Ftags&post=634"}],"curies":[{"name":"wp","href":"https:\/\/api.w.org\/{rel}","templated":true}]}}