{"id":640,"date":"2018-12-17T18:50:00","date_gmt":"2018-12-17T17:50:00","guid":{"rendered":"http:\/\/pleszew.zhp.wlkp.pl\/?p=640"},"modified":"2020-02-28T18:55:15","modified_gmt":"2020-02-28T17:55:15","slug":"przekazanie-betlejemskiego-swiatla-pokoju","status":"publish","type":"post","link":"https:\/\/pleszew.zhp.wlkp.pl\/?p=640","title":{"rendered":"Przekazanie Betlejemskiego \u015awiat\u0142a Pokoju"},"content":{"rendered":"\n<p> W minion\u0105 niedziel\u0119 uczestniczyli\u015bmy w przekazaniu Betlejemskiego \u015awiat\u0142a Pokoju w pozna\u0144skiej farze. Odebrali\u015bmy je z r\u0105k komendanta Chor\u0105gwi Wielkopolskiej \u2014 hm. Tomasz Kujaczy\u0144ski. Po mszy udali\u015bmy na rynek, by przekaza\u0107 \u015awiat\u0142o prezydentowi Poznania oraz jego mieszka\u0144com.<br>W zak\u0142adce\u00a0Wielki Turniej Zast\u0119p\u00f3w\u00a0pojawi\u0142o si\u0119 nowe zadanie dotycz\u0105ce Betlejemskiego \u015awiat\u0142a pokoju. <\/p>\n\n\n\n<div class=\"wp-block-image\"><figure class=\"aligncenter size-large\"><a href=\"https:\/\/photos.app.goo.gl\/bwDV6q9PJjjq3rqP8\" target=\"_blank\" rel=\"noreferrer noopener\"><img loading=\"lazy\" decoding=\"async\" width=\"550\" height=\"300\" src=\"http:\/\/pleszew.zhp.wlkp.pl\/wp-content\/uploads\/2020\/02\/bsp_poznan_2018.jpg\" alt=\"\" class=\"wp-image-641\" srcset=\"https:\/\/pleszew.zhp.wlkp.pl\/wp-content\/uploads\/2020\/02\/bsp_poznan_2018.jpg 550w, https:\/\/pleszew.zhp.wlkp.pl\/wp-content\/uploads\/2020\/02\/bsp_poznan_2018-300x164.jpg 300w\" sizes=\"auto, (max-width: 550px) 100vw, 550px\" \/><\/a><\/figure><\/div>\n","protected":false},"excerpt":{"rendered":"<p class=\"excerpt\">W minion\u0105 niedziel\u0119 uczestniczyli\u015bmy w przekazaniu Betlejemskiego \u015awiat\u0142a Pokoju w pozna\u0144skiej farze. Odebrali\u015bmy je z r\u0105k komendanta Chor\u0105gwi Wielkopolskiej \u2014 hm. Tomasz Kujaczy\u0144ski. Po mszy udali\u015bmy na rynek, by przekaza\u0107 \u015awiat\u0142o prezydentowi Poznania oraz jego mieszka\u0144com.W zak\u0142adce\u00a0Wielki Turniej Zast\u0119p\u00f3w\u00a0pojawi\u0142o si\u0119 nowe zadanie dotycz\u0105ce Betlejemskiego \u015awiat\u0142a pokoju. <a href=\"https:\/\/pleszew.zhp.wlkp.pl\/?p=640\">Read more &rarr;<\/a><\/p>\n","protected":false},"author":2,"featured_media":641,"comment_status":"open","ping_status":"open","sticky":false,"template":"","format":"standard","meta":{"_jetpack_memberships_contains_paid_content":false,"footnotes":""},"categories":[1],"tags":[],"class_list":["post-640","post","type-post","status-publish","format-standard","has-post-thumbnail","hentry","category-bez-kategorii","xfolkentry"],"jetpack_featured_media_url":"https:\/\/pleszew.zhp.wlkp.pl\/wp-content\/uploads\/2020\/02\/bsp_poznan_2018.jpg","jetpack_sharing_enabled":true,"_links":{"self":[{"href":"https:\/\/pleszew.zhp.wlkp.pl\/index.php?rest_route=\/wp\/v2\/posts\/640","targetHints":{"allow":["GET"]}}],"collection":[{"href":"https:\/\/pleszew.zhp.wlkp.pl\/index.php?rest_route=\/wp\/v2\/posts"}],"about":[{"href":"https:\/\/pleszew.zhp.wlkp.pl\/index.php?rest_route=\/wp\/v2\/types\/post"}],"author":[{"embeddable":true,"href":"https:\/\/pleszew.zhp.wlkp.pl\/index.php?rest_route=\/wp\/v2\/users\/2"}],"replies":[{"embeddable":true,"href":"https:\/\/pleszew.zhp.wlkp.pl\/index.php?rest_route=%2Fwp%2Fv2%2Fcomments&post=640"}],"version-history":[{"count":1,"href":"https:\/\/pleszew.zhp.wlkp.pl\/index.php?rest_route=\/wp\/v2\/posts\/640\/revisions"}],"predecessor-version":[{"id":642,"href":"https:\/\/pleszew.zhp.wlkp.pl\/index.php?rest_route=\/wp\/v2\/posts\/640\/revisions\/642"}],"wp:featuredmedia":[{"embeddable":true,"href":"https:\/\/pleszew.zhp.wlkp.pl\/index.php?rest_route=\/wp\/v2\/media\/641"}],"wp:attachment":[{"href":"https:\/\/pleszew.zhp.wlkp.pl\/index.php?rest_route=%2Fwp%2Fv2%2Fmedia&parent=640"}],"wp:term":[{"taxonomy":"category","embeddable":true,"href":"https:\/\/pleszew.zhp.wlkp.pl\/index.php?rest_route=%2Fwp%2Fv2%2Fcategories&post=640"},{"taxonomy":"post_tag","embeddable":true,"href":"https:\/\/pleszew.zhp.wlkp.pl\/index.php?rest_route=%2Fwp%2Fv2%2Ftags&post=640"}],"curies":[{"name":"wp","href":"https:\/\/api.w.org\/{rel}","templated":true}]}}