{"id":646,"date":"2018-11-13T18:57:00","date_gmt":"2018-11-13T17:57:00","guid":{"rendered":"http:\/\/pleszew.zhp.wlkp.pl\/?p=646"},"modified":"2020-02-28T18:59:28","modified_gmt":"2020-02-28T17:59:28","slug":"obchody-100-lecia-odzyskania-niepodleglosci","status":"publish","type":"post","link":"https:\/\/pleszew.zhp.wlkp.pl\/?p=646","title":{"rendered":"Obchody 100-lecia odzyskania niepodleg\u0142o\u015bci"},"content":{"rendered":"\n<p> My 100-lecie odzyskania niepodleg\u0142o\u015bci zacz\u0119li\u015bmy \u015bwi\u0119towa\u0107 ju\u017c 9 listopada pe\u0142ni\u0105c s\u0142u\u017cb\u0119 podczas uroczysto\u015bci w Startostie Powiatowym. Nast\u0119pnie wieczorem spotkali\u015bmy si\u0119 w pleszewskiej &#8222;Jedynce&#8221;, gdzie wpierw wykonali\u015bmy w dru\u017cynach otrzymane wcze\u015bniej zadania, kt\u00f3re dotyczy\u0142y zapalenia zniczy w r\u00f3\u017cnych miejscach pami\u0119ci w naszym mie\u015bcie oraz rozdawaniu mieszka\u0144com rozetek. Nast\u0119pnie druh przewodnik Miko\u0142aj Tymecki opowiedzia\u0142 nam o swojej podr\u00f3\u017cy do Chin, w kt\u00f3r\u0105 wyruszy\u0142 w tym roku w ramach projektu AIESEC. Za\u015b w niedziel\u0119 11 listopada pe\u0142nili\u015bmy s\u0142u\u017cb\u0119 podczas mszy za ojczyzn\u0119 w parafii pw. \u015awi\u0119cia \u015awi\u0119tego Jana Chrzciciela w Pleszewie, po kt\u00f3rej ods\u0142oni\u0119to tablic\u0119 okoliczno\u015bciow\u0105. <\/p>\n\n\n\n<figure class=\"wp-block-embed-youtube aligncenter wp-block-embed is-type-video is-provider-youtube wp-embed-aspect-16-9 wp-has-aspect-ratio\"><div class=\"wp-block-embed__wrapper\">\n<iframe loading=\"lazy\" title=\"100 rocznica odzyskania niepodleg\u0142o\u015bci przez Polsk\u0119 - Zwi\u0105zek Dru\u017cyn ZHP w Pleszewie\" width=\"848\" height=\"477\" src=\"https:\/\/www.youtube.com\/embed\/_n0YLAYM-Jo?feature=oembed\" frameborder=\"0\" allow=\"accelerometer; autoplay; clipboard-write; encrypted-media; gyroscope; picture-in-picture; web-share\" allowfullscreen><\/iframe>\n<\/div><\/figure>\n","protected":false},"excerpt":{"rendered":"<p class=\"excerpt\">My 100-lecie odzyskania niepodleg\u0142o\u015bci zacz\u0119li\u015bmy \u015bwi\u0119towa\u0107 ju\u017c 9 listopada pe\u0142ni\u0105c s\u0142u\u017cb\u0119 podczas uroczysto\u015bci w Startostie Powiatowym. Nast\u0119pnie wieczorem spotkali\u015bmy si\u0119 w pleszewskiej &#8222;Jedynce&#8221;, gdzie wpierw wykonali\u015bmy w dru\u017cynach otrzymane wcze\u015bniej zadania, kt\u00f3re dotyczy\u0142y zapalenia zniczy w r\u00f3\u017cnych miejscach pami\u0119ci w naszym mie\u015bcie oraz rozdawaniu mieszka\u0144com rozetek. Nast\u0119pnie druh przewodnik Miko\u0142aj Tymecki opowiedzia\u0142 nam o swojej podr\u00f3\u017cy do Chin, w kt\u00f3r\u0105&hellip; <a href=\"https:\/\/pleszew.zhp.wlkp.pl\/?p=646\">Read more &rarr;<\/a><\/p>\n","protected":false},"author":2,"featured_media":0,"comment_status":"open","ping_status":"open","sticky":false,"template":"","format":"standard","meta":{"_jetpack_memberships_contains_paid_content":false,"footnotes":""},"categories":[1],"tags":[],"class_list":["post-646","post","type-post","status-publish","format-standard","hentry","category-bez-kategorii","xfolkentry"],"jetpack_featured_media_url":"","jetpack_sharing_enabled":true,"_links":{"self":[{"href":"https:\/\/pleszew.zhp.wlkp.pl\/index.php?rest_route=\/wp\/v2\/posts\/646","targetHints":{"allow":["GET"]}}],"collection":[{"href":"https:\/\/pleszew.zhp.wlkp.pl\/index.php?rest_route=\/wp\/v2\/posts"}],"about":[{"href":"https:\/\/pleszew.zhp.wlkp.pl\/index.php?rest_route=\/wp\/v2\/types\/post"}],"author":[{"embeddable":true,"href":"https:\/\/pleszew.zhp.wlkp.pl\/index.php?rest_route=\/wp\/v2\/users\/2"}],"replies":[{"embeddable":true,"href":"https:\/\/pleszew.zhp.wlkp.pl\/index.php?rest_route=%2Fwp%2Fv2%2Fcomments&post=646"}],"version-history":[{"count":1,"href":"https:\/\/pleszew.zhp.wlkp.pl\/index.php?rest_route=\/wp\/v2\/posts\/646\/revisions"}],"predecessor-version":[{"id":647,"href":"https:\/\/pleszew.zhp.wlkp.pl\/index.php?rest_route=\/wp\/v2\/posts\/646\/revisions\/647"}],"wp:attachment":[{"href":"https:\/\/pleszew.zhp.wlkp.pl\/index.php?rest_route=%2Fwp%2Fv2%2Fmedia&parent=646"}],"wp:term":[{"taxonomy":"category","embeddable":true,"href":"https:\/\/pleszew.zhp.wlkp.pl\/index.php?rest_route=%2Fwp%2Fv2%2Fcategories&post=646"},{"taxonomy":"post_tag","embeddable":true,"href":"https:\/\/pleszew.zhp.wlkp.pl\/index.php?rest_route=%2Fwp%2Fv2%2Ftags&post=646"}],"curies":[{"name":"wp","href":"https:\/\/api.w.org\/{rel}","templated":true}]}}