{"id":651,"date":"2018-07-27T19:02:00","date_gmt":"2018-07-27T17:02:00","guid":{"rendered":"http:\/\/pleszew.zhp.wlkp.pl\/?p=651"},"modified":"2020-02-28T19:02:55","modified_gmt":"2020-02-28T18:02:55","slug":"budzet-obywatelski","status":"publish","type":"post","link":"https:\/\/pleszew.zhp.wlkp.pl\/?p=651","title":{"rendered":"Bud\u017cet obywatelski"},"content":{"rendered":"\n<p>Drodzy w\u0119drownicy, instruktorzy, rodzice, pleszewianie<br>W tym roku postanowili\u015bmy dorzuci\u0107 sw\u00f3j pomys\u0142 na Bud\u017cet Obywatelski Miasta i Gminy Pleszew. Ju\u017c 1 sierpnia b\u0119dziecie mogli wspom\u00f3c nas waszym g\u0142osem na li\u015bcie zda\u0144 inwestycyjnych o nazwie\u00a0<strong><em>&#8222;Modernizacja i adaptacja pomieszcze\u0144 piwnicznych w ZSP nr 1 na potrzeby dzia\u0142alno\u015bci pleszewskich harcerzy oraz organizacj\u0119 Izby Pami\u0119ci 70 PP w Pleszewie&#8221;<\/em><\/strong>.<br>Dzia\u0142alno\u015b\u0107 ZHP w Pleszewie ma bardzo d\u0142ug\u0105 tradycj\u0119. Pozytywne i efektywne oddzia\u0142ywanie tej organizacji w przestrzeni publicznej nie ulega w\u0105tpliwo\u015bci. Piwniczne pomieszczenia w pleszewskiej \u201eJedynce\u201d przez wiele lat by\u0142y wykorzystywane przez m\u0142odzie\u017c jako harc\u00f3wka, jednak ich stan techniczny, mimo wielokrotnych remont\u00f3w, systematycznie si\u0119 pogarsza\u0142. Organizacja o takim charakterze musi dysponowa\u0107 godn\u0105 i bezpieczn\u0105 siedzib\u0105. Adaptacja dotyczy pomieszcze\u0144, w kt\u00f3rym maj\u0105 przybywa\u0107 zuchy i harcerze oraz zorganizowana b\u0119dzie Izba Pami\u0119ci 70 Pu\u0142ku Piechoty.<br>Relacje mi\u0119dzy harcerzami i \u017co\u0142nierzami w okresie mi\u0119dzywojennym s\u0105 dobrze znanym faktem. Harcerze pleszewskiej \u201e13\u201d jako swojego patrona obrali w\u0142a\u015bnie 70 Pu\u0142ku Piechoty, a sta\u0142o to si\u0119 jeszcze przed wyborem dokonanym przez \u201eJedynk\u0119\u201d. Dzi\u015b nie ulega w\u0105tpliwo\u015bci, \u017ce w\u0142a\u015bnie pleszewska \u201eJedynka\u201d wesp\u00f3\u0142 z pleszewskimi harcerzami pragnie nie\u015b\u0107 w przysz\u0142o\u015b\u0107 pami\u0119\u0107 o czynie naszego Pu\u0142ku. Pami\u0119\u0107 jednak nale\u017cy zapisa\u0107 trwale, a odpowiednia adaptacja wymienionych pomieszcze\u0144 mo\u017ce to zapewni\u0107. Planowana Izba Pami\u0119ci ma w perspektywie sta\u0107 si\u0119 mini muzeum honoruj\u0105cym bohaterski trud \u017co\u0142nierzy 70 Pu\u0142ku Piechoty. Lokalni popularyzatorzy dzia\u0142alno\u015bci Pu\u0142ku chc\u0105 eksponowa\u0107 w jednym miejscu liczne zbiory, kt\u00f3re zgromadzili m.in. cz\u0142onkowie Dru\u017cyny Tradycji 70 Pu\u0142ku Piechoty. W zbiorach Izby Pami\u0119ci maj\u0105 znale\u017a\u0107 si\u0119 tak\u017ce kolekcje modeli redukcyjnych oraz prace uczni\u00f3w i innych mieszka\u0144c\u00f3w miasta i gminy Pleszew. Mamy nadziej\u0119, i\u017c trafia\u0107 tutaj b\u0119d\u0105 r\u00f3wnie\u017c nowe artefakty dotycz\u0105ce \u017cycia i dzia\u0142alno\u015bci \u017co\u0142nierzy 70 Pu\u0142ku Piechoty. Izba ma by\u0107 dost\u0119pna dla wszystkich pleszewian, dzi\u0119ki czemu mo\u017ce sta\u0107 si\u0119 miejscem integruj\u0105cym spo\u0142eczno\u015b\u0107 lokaln\u0105. Zadanie polega na adaptacji pomieszcze\u0144 znajduj\u0105cych si\u0119 w cz\u0119\u015bci piwnicznej \u201estarego\u201d budynku szko\u0142y w celu prowadzenia dzia\u0142alno\u015bci wychowawczej i edukacyjnej skoncentrowanej wok\u00f3\u0142 tradycji harcerskich oraz \u017co\u0142nierskich. Druhowie oraz wychowawcy szko\u0142y chc\u0105 stworzy\u0107 warunki do godnego uhonorowania i eksponowania wielkich osi\u0105gni\u0119\u0107 dru\u017cyn ZHP oraz 70 PP.<\/p>\n\n\n\n<p><strong>Jak zag\u0142osowa\u0107?<\/strong><\/p>\n\n\n\n<ul class=\"wp-block-list\"><li>wejd\u017a na stron\u0119&nbsp;<a href=\"http:\/\/localhost\/www_zd\/%E2%80%9Dhttps:\/\/pleszew.budzet-obywatelski.org\/%E2%80%9D\">www.pleszew.budzet-obywatelski.org<\/a><br><\/li><li>przejd\u017a do zak\u0142adki \u201eG\u0142osowanie\u201d<\/li><li>na li\u015bcie zada\u0144 inwestycyjnych wybierz zadanie \u201e Modernizacja i adaptacja pomieszcze\u0144 piwnicznych w ZSP nr 1 na potrzeby dzia\u0142alno\u015bci pleszewskich harcerzy oraz organizacj\u0119 Izby Pami\u0119ci 70 PP w Pleszewie\u201d<\/li><\/ul>\n\n\n\n<p>Zag\u0142osowa\u0107 b\u0119dzie mo\u017cna r\u00f3wnie\u017c w Urz\u0119dzie Miasta i Gminy. Formularz mo\u017cna pobra\u0107 w Biurze Obs\u0142ugi Interesanta oraz na stronie&nbsp;<a href=\"http:\/\/localhost\/www_zd\/%E2%80%9Dhttps:\/\/pleszew.budzet-obywatelski.org\/wszystko-o-budzecie\/do-pobrania%E2%80%9D\">www.pleszew.budzet-obywatelski.org<\/a>, kt\u00f3ry nast\u0119pnie nale\u017cy odda\u0107 w Sekretariacie Urz\u0119du Miasta i Gminy Pleszewie<br><strong>UWAGA! Zag\u0142osowa\u0107 mo\u017ce osoba, kt\u00f3ra uko\u0144czy\u0142a 18 rok \u017cycia i jest mieszka\u0144cem Miasta i Gminy Pleszew<\/strong><\/p>\n\n\n\n<p>Dzi\u0119kujemy za oddane g\u0142osy!\n\n<\/p>\n","protected":false},"excerpt":{"rendered":"<p class=\"excerpt\">Drodzy w\u0119drownicy, instruktorzy, rodzice, pleszewianieW tym roku postanowili\u015bmy dorzuci\u0107 sw\u00f3j pomys\u0142 na Bud\u017cet Obywatelski Miasta i Gminy Pleszew. Ju\u017c 1 sierpnia b\u0119dziecie mogli wspom\u00f3c nas waszym g\u0142osem na li\u015bcie zda\u0144 inwestycyjnych o nazwie\u00a0&#8222;Modernizacja i adaptacja pomieszcze\u0144 piwnicznych w ZSP nr 1 na potrzeby dzia\u0142alno\u015bci pleszewskich harcerzy oraz organizacj\u0119 Izby Pami\u0119ci 70 PP w Pleszewie&#8221;.Dzia\u0142alno\u015b\u0107 ZHP w Pleszewie ma bardzo d\u0142ug\u0105&hellip; <a href=\"https:\/\/pleszew.zhp.wlkp.pl\/?p=651\">Read more &rarr;<\/a><\/p>\n","protected":false},"author":2,"featured_media":0,"comment_status":"open","ping_status":"open","sticky":false,"template":"","format":"standard","meta":{"_jetpack_memberships_contains_paid_content":false,"footnotes":""},"categories":[1],"tags":[],"class_list":["post-651","post","type-post","status-publish","format-standard","hentry","category-bez-kategorii","xfolkentry"],"jetpack_featured_media_url":"","jetpack_sharing_enabled":true,"_links":{"self":[{"href":"https:\/\/pleszew.zhp.wlkp.pl\/index.php?rest_route=\/wp\/v2\/posts\/651","targetHints":{"allow":["GET"]}}],"collection":[{"href":"https:\/\/pleszew.zhp.wlkp.pl\/index.php?rest_route=\/wp\/v2\/posts"}],"about":[{"href":"https:\/\/pleszew.zhp.wlkp.pl\/index.php?rest_route=\/wp\/v2\/types\/post"}],"author":[{"embeddable":true,"href":"https:\/\/pleszew.zhp.wlkp.pl\/index.php?rest_route=\/wp\/v2\/users\/2"}],"replies":[{"embeddable":true,"href":"https:\/\/pleszew.zhp.wlkp.pl\/index.php?rest_route=%2Fwp%2Fv2%2Fcomments&post=651"}],"version-history":[{"count":1,"href":"https:\/\/pleszew.zhp.wlkp.pl\/index.php?rest_route=\/wp\/v2\/posts\/651\/revisions"}],"predecessor-version":[{"id":652,"href":"https:\/\/pleszew.zhp.wlkp.pl\/index.php?rest_route=\/wp\/v2\/posts\/651\/revisions\/652"}],"wp:attachment":[{"href":"https:\/\/pleszew.zhp.wlkp.pl\/index.php?rest_route=%2Fwp%2Fv2%2Fmedia&parent=651"}],"wp:term":[{"taxonomy":"category","embeddable":true,"href":"https:\/\/pleszew.zhp.wlkp.pl\/index.php?rest_route=%2Fwp%2Fv2%2Fcategories&post=651"},{"taxonomy":"post_tag","embeddable":true,"href":"https:\/\/pleszew.zhp.wlkp.pl\/index.php?rest_route=%2Fwp%2Fv2%2Ftags&post=651"}],"curies":[{"name":"wp","href":"https:\/\/api.w.org\/{rel}","templated":true}]}}