{"id":653,"date":"2018-06-30T19:03:00","date_gmt":"2018-06-30T17:03:00","guid":{"rendered":"http:\/\/pleszew.zhp.wlkp.pl\/?p=653"},"modified":"2020-02-28T19:05:57","modified_gmt":"2020-02-28T18:05:57","slug":"harcerska-sluzba-lednica","status":"publish","type":"post","link":"https:\/\/pleszew.zhp.wlkp.pl\/?p=653","title":{"rendered":"Harcerska S\u0142u\u017cba Lednica"},"content":{"rendered":"\n<p>My, w\u0119drownicy 2 czerwca wzi\u0119li\u015bmy dzia\u0142 w najwi\u0119kszej harcerskiej s\u0142u\u017cbie w roku podczas XXII Spotkania M\u0142odych na Polach Lednickich. Tegoroczne has\u0142o brzmia\u0142o &#8222;Jestem&#8221;. W pi\u0105tkowy wiecz\u00f3r wzi\u0119li\u015bmy udzia\u0142 we mszy \u015bwi\u0119tej nad brzegiem jeziora Lednickiego. Nast\u0119pnego dnia zaraz po apelu rozpoczynaj\u0105cym s\u0142u\u017cb\u0119 pierwsza tura harcerzy wyruszy\u0142a pilnowa\u0107 \u0142adu i porz\u0105dku w\u015br\u00f3d przyby\u0142ych ju\u017c na Pola pielgrzym\u00f3w. Pe\u0142nili\u015bmy warty honorowe przy grobie ojca G\u00f3ry oraz na bramie &#8211; rybie, a tak\u017ce uczestniczyli\u015bmy w procesjach. Atmosfera jak co roku by\u0142a niesamowita, a pogoda nam dopisa\u0142a.<br>Zacz\u0119\u0142y si\u0119 ju\u017c wakacje, wi\u0119c z niecierpliwo\u015bci\u0105 czekamy na ob\u00f3z, kt\u00f3ry odb\u0119dzie si\u0119 w dniach 17 \u2013 29.07.2018 w Ro\u015bcinnie.<br> <\/p>\n","protected":false},"excerpt":{"rendered":"<p class=\"excerpt\">My, w\u0119drownicy 2 czerwca wzi\u0119li\u015bmy dzia\u0142 w najwi\u0119kszej harcerskiej s\u0142u\u017cbie w roku podczas XXII Spotkania M\u0142odych na Polach Lednickich. Tegoroczne has\u0142o brzmia\u0142o &#8222;Jestem&#8221;. W pi\u0105tkowy wiecz\u00f3r wzi\u0119li\u015bmy udzia\u0142 we mszy \u015bwi\u0119tej nad brzegiem jeziora Lednickiego. Nast\u0119pnego dnia zaraz po apelu rozpoczynaj\u0105cym s\u0142u\u017cb\u0119 pierwsza tura harcerzy wyruszy\u0142a pilnowa\u0107 \u0142adu i porz\u0105dku w\u015br\u00f3d przyby\u0142ych ju\u017c na Pola pielgrzym\u00f3w. Pe\u0142nili\u015bmy warty honorowe przy&hellip; <a href=\"https:\/\/pleszew.zhp.wlkp.pl\/?p=653\">Read more &rarr;<\/a><\/p>\n","protected":false},"author":2,"featured_media":0,"comment_status":"open","ping_status":"open","sticky":false,"template":"","format":"standard","meta":{"_jetpack_memberships_contains_paid_content":false,"footnotes":""},"categories":[1],"tags":[],"class_list":["post-653","post","type-post","status-publish","format-standard","hentry","category-bez-kategorii","xfolkentry"],"jetpack_featured_media_url":"","jetpack_sharing_enabled":true,"_links":{"self":[{"href":"https:\/\/pleszew.zhp.wlkp.pl\/index.php?rest_route=\/wp\/v2\/posts\/653","targetHints":{"allow":["GET"]}}],"collection":[{"href":"https:\/\/pleszew.zhp.wlkp.pl\/index.php?rest_route=\/wp\/v2\/posts"}],"about":[{"href":"https:\/\/pleszew.zhp.wlkp.pl\/index.php?rest_route=\/wp\/v2\/types\/post"}],"author":[{"embeddable":true,"href":"https:\/\/pleszew.zhp.wlkp.pl\/index.php?rest_route=\/wp\/v2\/users\/2"}],"replies":[{"embeddable":true,"href":"https:\/\/pleszew.zhp.wlkp.pl\/index.php?rest_route=%2Fwp%2Fv2%2Fcomments&post=653"}],"version-history":[{"count":1,"href":"https:\/\/pleszew.zhp.wlkp.pl\/index.php?rest_route=\/wp\/v2\/posts\/653\/revisions"}],"predecessor-version":[{"id":654,"href":"https:\/\/pleszew.zhp.wlkp.pl\/index.php?rest_route=\/wp\/v2\/posts\/653\/revisions\/654"}],"wp:attachment":[{"href":"https:\/\/pleszew.zhp.wlkp.pl\/index.php?rest_route=%2Fwp%2Fv2%2Fmedia&parent=653"}],"wp:term":[{"taxonomy":"category","embeddable":true,"href":"https:\/\/pleszew.zhp.wlkp.pl\/index.php?rest_route=%2Fwp%2Fv2%2Fcategories&post=653"},{"taxonomy":"post_tag","embeddable":true,"href":"https:\/\/pleszew.zhp.wlkp.pl\/index.php?rest_route=%2Fwp%2Fv2%2Ftags&post=653"}],"curies":[{"name":"wp","href":"https:\/\/api.w.org\/{rel}","templated":true}]}}