{"id":670,"date":"2018-01-23T19:23:00","date_gmt":"2018-01-23T18:23:00","guid":{"rendered":"http:\/\/pleszew.zhp.wlkp.pl\/?p=670"},"modified":"2020-02-28T19:27:55","modified_gmt":"2020-02-28T18:27:55","slug":"wielka-orkiestra-swiatecznej-pomocy-2","status":"publish","type":"post","link":"https:\/\/pleszew.zhp.wlkp.pl\/?p=670","title":{"rendered":"Wielka Orkiestra \u015awi\u0105tecznej Pomocy"},"content":{"rendered":"\n<p>Min\u0105\u0142 ju\u017c tydzie\u0144 od 26. Fina\u0142u Wielkiej Orkiestry \u015awi\u0105tecznej Pomocy, podczas kt\u00f3rego nasz sztab pobi\u0142 kolejny rekord! Wsp\u00f3lnie z wolontariuszami uda\u0142o nam si\u0119 uzbiera\u0107 69 496,90 z\u0142. Podczas fina\u0142u w naszym mie\u015bcie nikt nie m\u00f3g\u0142 si\u0119 nudzi\u0107. Liczne licytacje naprawd\u0119 wspania\u0142ych rzeczy w kinie &#8222;Hel&#8221;, III pleszewski bieg &#8222;Policz si\u0119 z cukrzyc\u0105&#8221;, wszelkie atrakcje dla najm\u0142odszych w sali gimnastycznej ZSP nr 2 w Pleszewie to zaledwie kilka atrakcji, jakie zosta\u0142y przygotowane dla naszych mieszka\u0144c\u00f3w. Nie mo\u017cemy si\u0119 doczeka\u0107, aby wzi\u0105\u0107 udzia\u0142 w kolejnym finale. Zapraszamy do obejrzenia relacji fotograficznej druhny Natalii. Siema! <\/p>\n\n\n\n<figure class=\"wp-block-image size-large\"><a href=\"https:\/\/photos.app.goo.gl\/Jzx8h3prY2HboM3a8\" target=\"_blank\" rel=\"noreferrer noopener\"><img loading=\"lazy\" decoding=\"async\" width=\"1024\" height=\"680\" src=\"http:\/\/pleszew.zhp.wlkp.pl\/wp-content\/uploads\/2020\/02\/DSC_1247-1024x680.jpg\" alt=\"\" class=\"wp-image-671\" srcset=\"https:\/\/pleszew.zhp.wlkp.pl\/wp-content\/uploads\/2020\/02\/DSC_1247-1024x680.jpg 1024w, https:\/\/pleszew.zhp.wlkp.pl\/wp-content\/uploads\/2020\/02\/DSC_1247-300x199.jpg 300w, https:\/\/pleszew.zhp.wlkp.pl\/wp-content\/uploads\/2020\/02\/DSC_1247-768x510.jpg 768w, https:\/\/pleszew.zhp.wlkp.pl\/wp-content\/uploads\/2020\/02\/DSC_1247-1536x1020.jpg 1536w, https:\/\/pleszew.zhp.wlkp.pl\/wp-content\/uploads\/2020\/02\/DSC_1247-2048x1360.jpg 2048w\" sizes=\"auto, (max-width: 1024px) 100vw, 1024px\" \/><\/a><\/figure>\n","protected":false},"excerpt":{"rendered":"<p class=\"excerpt\">Min\u0105\u0142 ju\u017c tydzie\u0144 od 26. Fina\u0142u Wielkiej Orkiestry \u015awi\u0105tecznej Pomocy, podczas kt\u00f3rego nasz sztab pobi\u0142 kolejny rekord! Wsp\u00f3lnie z wolontariuszami uda\u0142o nam si\u0119 uzbiera\u0107 69 496,90 z\u0142. Podczas fina\u0142u w naszym mie\u015bcie nikt nie m\u00f3g\u0142 si\u0119 nudzi\u0107. Liczne licytacje naprawd\u0119 wspania\u0142ych rzeczy w kinie &#8222;Hel&#8221;, III pleszewski bieg &#8222;Policz si\u0119 z cukrzyc\u0105&#8221;, wszelkie atrakcje dla najm\u0142odszych w sali gimnastycznej ZSP&hellip; <a href=\"https:\/\/pleszew.zhp.wlkp.pl\/?p=670\">Read more &rarr;<\/a><\/p>\n","protected":false},"author":2,"featured_media":671,"comment_status":"open","ping_status":"open","sticky":false,"template":"","format":"standard","meta":{"_jetpack_memberships_contains_paid_content":false,"footnotes":""},"categories":[1],"tags":[],"class_list":["post-670","post","type-post","status-publish","format-standard","has-post-thumbnail","hentry","category-bez-kategorii","xfolkentry"],"jetpack_featured_media_url":"https:\/\/pleszew.zhp.wlkp.pl\/wp-content\/uploads\/2020\/02\/DSC_1247-scaled.jpg","jetpack_sharing_enabled":true,"_links":{"self":[{"href":"https:\/\/pleszew.zhp.wlkp.pl\/index.php?rest_route=\/wp\/v2\/posts\/670","targetHints":{"allow":["GET"]}}],"collection":[{"href":"https:\/\/pleszew.zhp.wlkp.pl\/index.php?rest_route=\/wp\/v2\/posts"}],"about":[{"href":"https:\/\/pleszew.zhp.wlkp.pl\/index.php?rest_route=\/wp\/v2\/types\/post"}],"author":[{"embeddable":true,"href":"https:\/\/pleszew.zhp.wlkp.pl\/index.php?rest_route=\/wp\/v2\/users\/2"}],"replies":[{"embeddable":true,"href":"https:\/\/pleszew.zhp.wlkp.pl\/index.php?rest_route=%2Fwp%2Fv2%2Fcomments&post=670"}],"version-history":[{"count":1,"href":"https:\/\/pleszew.zhp.wlkp.pl\/index.php?rest_route=\/wp\/v2\/posts\/670\/revisions"}],"predecessor-version":[{"id":672,"href":"https:\/\/pleszew.zhp.wlkp.pl\/index.php?rest_route=\/wp\/v2\/posts\/670\/revisions\/672"}],"wp:featuredmedia":[{"embeddable":true,"href":"https:\/\/pleszew.zhp.wlkp.pl\/index.php?rest_route=\/wp\/v2\/media\/671"}],"wp:attachment":[{"href":"https:\/\/pleszew.zhp.wlkp.pl\/index.php?rest_route=%2Fwp%2Fv2%2Fmedia&parent=670"}],"wp:term":[{"taxonomy":"category","embeddable":true,"href":"https:\/\/pleszew.zhp.wlkp.pl\/index.php?rest_route=%2Fwp%2Fv2%2Fcategories&post=670"},{"taxonomy":"post_tag","embeddable":true,"href":"https:\/\/pleszew.zhp.wlkp.pl\/index.php?rest_route=%2Fwp%2Fv2%2Ftags&post=670"}],"curies":[{"name":"wp","href":"https:\/\/api.w.org\/{rel}","templated":true}]}}