{"id":673,"date":"2018-01-20T19:28:00","date_gmt":"2018-01-20T18:28:00","guid":{"rendered":"http:\/\/pleszew.zhp.wlkp.pl\/?p=673"},"modified":"2020-02-28T19:32:43","modified_gmt":"2020-02-28T18:32:43","slug":"673","status":"publish","type":"post","link":"https:\/\/pleszew.zhp.wlkp.pl\/?p=673","title":{"rendered":""},"content":{"rendered":"\n<p>Nasz Zwi\u0105zek Dru\u017cyn zosta\u0142 nominowany do otrzymania tytu\u0142u Pleszewianina Roku. Dzi\u0119kujemy za oddane na nas g\u0142osy i b\u0119dziemy wdzi\u0119czni za ka\u017cdy oddany g\u0142os! Mo\u017ce nam si\u0119 uda\u0107 tylko dzi\u0119ki Wam i waszym g\u0142osom.<br>SMS o tre\u015bci&nbsp;<strong>PR.6<\/strong>&nbsp;na numer&nbsp;<strong>72355<\/strong>&nbsp;PS. Nie lubimy o to prosi\u0107, ale b\u0119dziemy wdzi\u0119czni za ka\u017cde udost\u0119pnienie posta.<br>Wi\u0119cej o plebiscycie mo\u017cecie przeczyta\u0107 na&nbsp;<a href=\"http:\/\/pleszew.naszemiasto.pl\/artykul\/pleszewianin-roku-zaglosuj-na-swojego-faworyta,4372655,art,t,id,tm.html\">pleszew.naszemiasto.pl<\/a><\/p>\n\n\n\n<div class=\"wp-block-image\"><figure class=\"aligncenter size-large\"><img loading=\"lazy\" decoding=\"async\" width=\"600\" height=\"250\" src=\"http:\/\/pleszew.zhp.wlkp.pl\/wp-content\/uploads\/2020\/02\/plebiscyt_2018.jpg\" alt=\"\" class=\"wp-image-674\" srcset=\"https:\/\/pleszew.zhp.wlkp.pl\/wp-content\/uploads\/2020\/02\/plebiscyt_2018.jpg 600w, https:\/\/pleszew.zhp.wlkp.pl\/wp-content\/uploads\/2020\/02\/plebiscyt_2018-300x125.jpg 300w\" sizes=\"auto, (max-width: 600px) 100vw, 600px\" \/><\/figure><\/div>\n","protected":false},"excerpt":{"rendered":"<p class=\"excerpt\">Nasz Zwi\u0105zek Dru\u017cyn zosta\u0142 nominowany do otrzymania tytu\u0142u Pleszewianina Roku. Dzi\u0119kujemy za oddane na nas g\u0142osy i b\u0119dziemy wdzi\u0119czni za ka\u017cdy oddany g\u0142os! Mo\u017ce nam si\u0119 uda\u0107 tylko dzi\u0119ki Wam i waszym g\u0142osom.SMS o tre\u015bci&nbsp;PR.6&nbsp;na numer&nbsp;72355&nbsp;PS. Nie lubimy o to prosi\u0107, ale b\u0119dziemy wdzi\u0119czni za ka\u017cde udost\u0119pnienie posta.Wi\u0119cej o plebiscycie mo\u017cecie przeczyta\u0107 na&nbsp;pleszew.naszemiasto.pl <a href=\"https:\/\/pleszew.zhp.wlkp.pl\/?p=673\">Read more &rarr;<\/a><\/p>\n","protected":false},"author":2,"featured_media":0,"comment_status":"open","ping_status":"open","sticky":false,"template":"","format":"image","meta":{"_jetpack_memberships_contains_paid_content":false,"footnotes":""},"categories":[1],"tags":[],"class_list":["post-673","post","type-post","status-publish","format-image","hentry","category-bez-kategorii","post_format-post-format-image","xfolkentry"],"jetpack_featured_media_url":"","jetpack_sharing_enabled":true,"_links":{"self":[{"href":"https:\/\/pleszew.zhp.wlkp.pl\/index.php?rest_route=\/wp\/v2\/posts\/673","targetHints":{"allow":["GET"]}}],"collection":[{"href":"https:\/\/pleszew.zhp.wlkp.pl\/index.php?rest_route=\/wp\/v2\/posts"}],"about":[{"href":"https:\/\/pleszew.zhp.wlkp.pl\/index.php?rest_route=\/wp\/v2\/types\/post"}],"author":[{"embeddable":true,"href":"https:\/\/pleszew.zhp.wlkp.pl\/index.php?rest_route=\/wp\/v2\/users\/2"}],"replies":[{"embeddable":true,"href":"https:\/\/pleszew.zhp.wlkp.pl\/index.php?rest_route=%2Fwp%2Fv2%2Fcomments&post=673"}],"version-history":[{"count":2,"href":"https:\/\/pleszew.zhp.wlkp.pl\/index.php?rest_route=\/wp\/v2\/posts\/673\/revisions"}],"predecessor-version":[{"id":680,"href":"https:\/\/pleszew.zhp.wlkp.pl\/index.php?rest_route=\/wp\/v2\/posts\/673\/revisions\/680"}],"wp:attachment":[{"href":"https:\/\/pleszew.zhp.wlkp.pl\/index.php?rest_route=%2Fwp%2Fv2%2Fmedia&parent=673"}],"wp:term":[{"taxonomy":"category","embeddable":true,"href":"https:\/\/pleszew.zhp.wlkp.pl\/index.php?rest_route=%2Fwp%2Fv2%2Fcategories&post=673"},{"taxonomy":"post_tag","embeddable":true,"href":"https:\/\/pleszew.zhp.wlkp.pl\/index.php?rest_route=%2Fwp%2Fv2%2Ftags&post=673"}],"curies":[{"name":"wp","href":"https:\/\/api.w.org\/{rel}","templated":true}]}}