{"id":676,"date":"2018-01-10T19:29:00","date_gmt":"2018-01-10T18:29:00","guid":{"rendered":"http:\/\/pleszew.zhp.wlkp.pl\/?p=676"},"modified":"2020-02-28T19:31:33","modified_gmt":"2020-02-28T18:31:33","slug":"676","status":"publish","type":"post","link":"https:\/\/pleszew.zhp.wlkp.pl\/?p=676","title":{"rendered":""},"content":{"rendered":"\n<figure class=\"wp-block-image size-large\"><img loading=\"lazy\" decoding=\"async\" width=\"1024\" height=\"255\" src=\"http:\/\/pleszew.zhp.wlkp.pl\/wp-content\/uploads\/2020\/02\/stulecie-1024x255.png\" alt=\"\" class=\"wp-image-677\" srcset=\"https:\/\/pleszew.zhp.wlkp.pl\/wp-content\/uploads\/2020\/02\/stulecie-1024x255.png 1024w, https:\/\/pleszew.zhp.wlkp.pl\/wp-content\/uploads\/2020\/02\/stulecie-300x75.png 300w, https:\/\/pleszew.zhp.wlkp.pl\/wp-content\/uploads\/2020\/02\/stulecie-768x191.png 768w, https:\/\/pleszew.zhp.wlkp.pl\/wp-content\/uploads\/2020\/02\/stulecie.png 1505w\" sizes=\"auto, (max-width: 1024px) 100vw, 1024px\" \/><\/figure>\n\n\n\n<p>\n\nOdezwa do harcerzy i instruktor\u00f3w o rozpocz\u0119ciu obchod\u00f3w 100-lecia odzyskania niepodleg\u0142o\u015bci oraz 100-lecia utworzenia Zwi\u0105zku Harcerstwa Polskiego, kt\u00f3ra oficjalnie zosta\u0142a odczytana 10 listopada 2017 roku podczas capstrzyku harcerskiego pod pomnikiem Marsza\u0142ka J\u00f3zefa Pi\u0142sudskiego:<br><\/p>\n\n\n\n<blockquote class=\"wp-block-quote is-layout-flow wp-block-quote-is-layout-flow\"><p><em>10 listopada 2017 roku,<br>\u2014 kiedy Prezydentem Rzeczypospolitej Polskiej jest dr Andrzej Duda \u2014 Honorowy Protektor Ruchu Harcerskiego w Polsce i poza granicami Kraju,<br>\u2014 kiedy Przewodnicz\u0105cym Zwi\u0105zku Harcerstwa Polskiego jest hm. Dariusz Supe\u0142,<br>\u2014 kiedy Naczelnikiem Zwi\u0105zku Harcerstwa Polskiego jest hm. Ma\u0142gorzata Sinica,<br><br>zgromadzeni w Warszawie, na placu Marsza\u0142ka J\u00f3zefa Pi\u0142sudskiego, u st\u00f3p pomnika pierwszego Protektora Zwi\u0105zku Harcerstwa Polskiego, ojca polskiej niepodleg\u0142o\u015bci, tw\u00f3rcy i dow\u00f3dcy Legion\u00f3w Polskich, otoczeni blaskiem przyniesionego w harcerskiej sztafecie z Wo\u0142ynia Ognia Niepodleg\u0142o\u015bci, pomni wywalczonego przez naszych poprzednik\u00f3w i przodk\u00f3w daru, jakim jest niepodleg\u0142a Rzeczpospolita, spogl\u0105daj\u0105cy z nadziej\u0105 na czekaj\u0105c\u0105 nas przysz\u0142o\u015b\u0107, inaugurujemy w naszej organizacji obchody wielkiego jubileuszu<br><br>100-lecia odzyskania przez Polsk\u0119 Niepodleg\u0142o\u015bci oraz 100-lecia utworzenia Zwi\u0105zku Harcerstwa Polskiego.<br><br>Jeste\u015bmy wdzi\u0119czni pierwszym instruktorom i wychowawcom harcerskim za to, \u017ce pomimo zagro\u017cenia ze strony zaborc\u00f3w podj\u0119li pokoleniowe wyzwanie krzewienia na polskich ziemiach harcerskiego ruchu. Jeste\u015bmy im wdzi\u0119czni za to, \u017ce rozpalili w sercach m\u0142odych Polak\u00f3w t\u0119sknot\u0119 za niepodleg\u0142\u0105 ojczyzn\u0105 i wzbogacaj\u0105c metod\u0119 skautowego wychowania gen. Roberta Baden-Powella, popchn\u0119li ich do walki o wolno\u015b\u0107 oraz do pracy przy odbudowie niepodleg\u0142ej Polski. Jeste\u015bmy im wdzi\u0119czni za to, \u017ce Zwi\u0105zek Harcerstwa Polskiego da\u0142 odrodzonej Polsce nowe pokolenie, kt\u00f3re ju\u017c w 1939 roku sprawdzi\u0142o si\u0119 w najwi\u0119kszej dziejowej pr\u00f3bie, tworz\u0105c podczas II wojny \u015bwiatowej ruch oporu wobec okupanta i pod kryptonimem Szarych Szereg\u00f3w kontynuuj\u0105c wychowawcz\u0105 prac\u0119, przygotowuj\u0105c harcerki i harcerzy do walki, zwyci\u0119stwa i kolejnej odbudowy, w my\u015bl has\u0142a \u201eDzi\u015b \u2014 Jutro \u2014 Pojutrze\u201d.<br><br>Nasi poprzednicy dobrze zas\u0142u\u017cyli si\u0119 Polsce \u2014 sprawie odzyskania niepodleg\u0142o\u015bci i wychowania wielu pokole\u0144 harcerek i harcerzy. Okazujemy im wdzi\u0119czno\u015b\u0107, widzimy w nich patron\u00f3w naszej tera\u017aniejszo\u015bci i przysz\u0142o\u015bci. Przygotowuj\u0105c si\u0119 do jubileuszowego roku 100-lecia odzyskania przez Polsk\u0119 Niepodleg\u0142o\u015bci oraz 100-lecia utworzenia Zwi\u0105zku Harcerstwa Polskiego, zapraszamy do udzia\u0142u w&nbsp;<a href=\"http:\/\/gdansk2018.zhp.pl\/\" target=\"_blank\" rel=\"noreferrer noopener\">Zlocie ZHP w Gda\u0144sku<\/a>&nbsp;w 2018 roku i przesy\u0142amy wszystkim pokoleniom Polak\u00f3w, szeregom harcerek i harcerzy nasze wezwanie:<br><br>Czuwaj!<br><br>Naczelnik ZHP<br>hm. Ma\u0142gorzata Sinica<br><br>Przewodnicz\u0105cy ZHP<br>hm. Dariusz Supe\u0142<\/em><\/p><\/blockquote>\n","protected":false},"excerpt":{"rendered":"<p class=\"excerpt\">Odezwa do harcerzy i instruktor\u00f3w o rozpocz\u0119ciu obchod\u00f3w 100-lecia odzyskania niepodleg\u0142o\u015bci oraz 100-lecia utworzenia Zwi\u0105zku Harcerstwa Polskiego <a href=\"https:\/\/pleszew.zhp.wlkp.pl\/?p=676\">Read more &rarr;<\/a><\/p>\n","protected":false},"author":2,"featured_media":0,"comment_status":"open","ping_status":"open","sticky":false,"template":"","format":"standard","meta":{"_jetpack_memberships_contains_paid_content":false,"footnotes":""},"categories":[1],"tags":[],"class_list":["post-676","post","type-post","status-publish","format-standard","hentry","category-bez-kategorii","xfolkentry"],"jetpack_featured_media_url":"","jetpack_sharing_enabled":true,"_links":{"self":[{"href":"https:\/\/pleszew.zhp.wlkp.pl\/index.php?rest_route=\/wp\/v2\/posts\/676","targetHints":{"allow":["GET"]}}],"collection":[{"href":"https:\/\/pleszew.zhp.wlkp.pl\/index.php?rest_route=\/wp\/v2\/posts"}],"about":[{"href":"https:\/\/pleszew.zhp.wlkp.pl\/index.php?rest_route=\/wp\/v2\/types\/post"}],"author":[{"embeddable":true,"href":"https:\/\/pleszew.zhp.wlkp.pl\/index.php?rest_route=\/wp\/v2\/users\/2"}],"replies":[{"embeddable":true,"href":"https:\/\/pleszew.zhp.wlkp.pl\/index.php?rest_route=%2Fwp%2Fv2%2Fcomments&post=676"}],"version-history":[{"count":1,"href":"https:\/\/pleszew.zhp.wlkp.pl\/index.php?rest_route=\/wp\/v2\/posts\/676\/revisions"}],"predecessor-version":[{"id":678,"href":"https:\/\/pleszew.zhp.wlkp.pl\/index.php?rest_route=\/wp\/v2\/posts\/676\/revisions\/678"}],"wp:attachment":[{"href":"https:\/\/pleszew.zhp.wlkp.pl\/index.php?rest_route=%2Fwp%2Fv2%2Fmedia&parent=676"}],"wp:term":[{"taxonomy":"category","embeddable":true,"href":"https:\/\/pleszew.zhp.wlkp.pl\/index.php?rest_route=%2Fwp%2Fv2%2Fcategories&post=676"},{"taxonomy":"post_tag","embeddable":true,"href":"https:\/\/pleszew.zhp.wlkp.pl\/index.php?rest_route=%2Fwp%2Fv2%2Ftags&post=676"}],"curies":[{"name":"wp","href":"https:\/\/api.w.org\/{rel}","templated":true}]}}