{"id":681,"date":"2017-12-27T16:37:00","date_gmt":"2017-12-27T15:37:00","guid":{"rendered":"http:\/\/pleszew.zhp.wlkp.pl\/?p=681"},"modified":"2020-03-01T16:40:44","modified_gmt":"2020-03-01T15:40:44","slug":"99-rocznica-powstania-wielkopolskiego","status":"publish","type":"post","link":"https:\/\/pleszew.zhp.wlkp.pl\/?p=681","title":{"rendered":"99. rocznica Powstania Wielkopolskiego"},"content":{"rendered":"\n<p>Dzi\u015b spotkali\u015bmy si\u0119 na pleszewskim rynku, by upami\u0119tni\u0107 wybuch Powstania Wielkopolskiego. Ka\u017cdy z pion\u00f3w otrzyma\u0142 osobne zadanie. Nasze dzielne zuchy roznosi\u0142y bia\u0142o \u2013 czerwone chor\u0105giewki w miejsca pami\u0119ci zwi\u0105zane<br>z wielkopolskim zrywem, harcerze m\u0142odsi rozdawali broszury informacyjne przechodniom, natomiast harcerze starsi<br>i w\u0119drownicy udali si\u0119 do urz\u0119d\u00f3w oraz instytucji publicznych, gdzie rozdawali broszury oraz bia\u0142o\u2013czerwone kokardy. Odwiedzili\u015bmy mi\u0119dzy innymi: Urz\u0105d Miasta i Gminy Pleszew, Starostwo Powiatowe oraz Komend\u0119 Stra\u017cy Po\u017carnej.<br>Po wykonaniu zada\u0144, w murach \u201eJedynki\u201d wys\u0142uchali\u015bmy wspania\u0142ego wyk\u0142adu na temat Powstania Wielkopolskiego oraz jego przebiegu w Pleszewie. Poprowadzi\u0142 go dla nas Pan Dominik Wabi\u0144ski, kt\u00f3remu bardzo serdecznie dzi\u0119kujemy. <\/p>\n\n\n\n<div class=\"wp-block-image\"><figure class=\"aligncenter size-large\"><a href=\"https:\/\/photos.app.goo.gl\/gRNDe7k2Tm3xkEIV2\" target=\"_blank\" rel=\"noreferrer noopener\"><img loading=\"lazy\" decoding=\"async\" width=\"960\" height=\"720\" src=\"http:\/\/pleszew.zhp.wlkp.pl\/wp-content\/uploads\/2020\/03\/26114198_1726665407407601_3290057336745355378_n.jpg\" alt=\"\" class=\"wp-image-682\" srcset=\"https:\/\/pleszew.zhp.wlkp.pl\/wp-content\/uploads\/2020\/03\/26114198_1726665407407601_3290057336745355378_n.jpg 960w, https:\/\/pleszew.zhp.wlkp.pl\/wp-content\/uploads\/2020\/03\/26114198_1726665407407601_3290057336745355378_n-300x225.jpg 300w, https:\/\/pleszew.zhp.wlkp.pl\/wp-content\/uploads\/2020\/03\/26114198_1726665407407601_3290057336745355378_n-768x576.jpg 768w\" sizes=\"auto, (max-width: 960px) 100vw, 960px\" \/><\/a><\/figure><\/div>\n","protected":false},"excerpt":{"rendered":"<p class=\"excerpt\">Dzi\u015b spotkali\u015bmy si\u0119 na pleszewskim rynku, by upami\u0119tni\u0107 wybuch Powstania Wielkopolskiego. Ka\u017cdy z pion\u00f3w otrzyma\u0142 osobne zadanie. Nasze dzielne zuchy roznosi\u0142y bia\u0142o \u2013 czerwone chor\u0105giewki w miejsca pami\u0119ci zwi\u0105zanez wielkopolskim zrywem, harcerze m\u0142odsi rozdawali broszury informacyjne przechodniom, natomiast harcerze starsii w\u0119drownicy udali si\u0119 do urz\u0119d\u00f3w oraz instytucji publicznych, gdzie rozdawali broszury oraz bia\u0142o\u2013czerwone kokardy. Odwiedzili\u015bmy mi\u0119dzy innymi: Urz\u0105d Miasta i&hellip; <a href=\"https:\/\/pleszew.zhp.wlkp.pl\/?p=681\">Read more &rarr;<\/a><\/p>\n","protected":false},"author":2,"featured_media":682,"comment_status":"open","ping_status":"open","sticky":false,"template":"","format":"standard","meta":{"_jetpack_memberships_contains_paid_content":false,"footnotes":""},"categories":[1],"tags":[],"class_list":["post-681","post","type-post","status-publish","format-standard","has-post-thumbnail","hentry","category-bez-kategorii","xfolkentry"],"jetpack_featured_media_url":"https:\/\/pleszew.zhp.wlkp.pl\/wp-content\/uploads\/2020\/03\/26114198_1726665407407601_3290057336745355378_n.jpg","jetpack_sharing_enabled":true,"_links":{"self":[{"href":"https:\/\/pleszew.zhp.wlkp.pl\/index.php?rest_route=\/wp\/v2\/posts\/681","targetHints":{"allow":["GET"]}}],"collection":[{"href":"https:\/\/pleszew.zhp.wlkp.pl\/index.php?rest_route=\/wp\/v2\/posts"}],"about":[{"href":"https:\/\/pleszew.zhp.wlkp.pl\/index.php?rest_route=\/wp\/v2\/types\/post"}],"author":[{"embeddable":true,"href":"https:\/\/pleszew.zhp.wlkp.pl\/index.php?rest_route=\/wp\/v2\/users\/2"}],"replies":[{"embeddable":true,"href":"https:\/\/pleszew.zhp.wlkp.pl\/index.php?rest_route=%2Fwp%2Fv2%2Fcomments&post=681"}],"version-history":[{"count":1,"href":"https:\/\/pleszew.zhp.wlkp.pl\/index.php?rest_route=\/wp\/v2\/posts\/681\/revisions"}],"predecessor-version":[{"id":683,"href":"https:\/\/pleszew.zhp.wlkp.pl\/index.php?rest_route=\/wp\/v2\/posts\/681\/revisions\/683"}],"wp:featuredmedia":[{"embeddable":true,"href":"https:\/\/pleszew.zhp.wlkp.pl\/index.php?rest_route=\/wp\/v2\/media\/682"}],"wp:attachment":[{"href":"https:\/\/pleszew.zhp.wlkp.pl\/index.php?rest_route=%2Fwp%2Fv2%2Fmedia&parent=681"}],"wp:term":[{"taxonomy":"category","embeddable":true,"href":"https:\/\/pleszew.zhp.wlkp.pl\/index.php?rest_route=%2Fwp%2Fv2%2Fcategories&post=681"},{"taxonomy":"post_tag","embeddable":true,"href":"https:\/\/pleszew.zhp.wlkp.pl\/index.php?rest_route=%2Fwp%2Fv2%2Ftags&post=681"}],"curies":[{"name":"wp","href":"https:\/\/api.w.org\/{rel}","templated":true}]}}