{"id":684,"date":"2017-12-23T19:35:00","date_gmt":"2017-12-23T18:35:00","guid":{"rendered":"http:\/\/pleszew.zhp.wlkp.pl\/?p=684"},"modified":"2020-03-01T19:39:07","modified_gmt":"2020-03-01T18:39:07","slug":"wigilia-zwiazku-druzyn-3","status":"publish","type":"post","link":"https:\/\/pleszew.zhp.wlkp.pl\/?p=684","title":{"rendered":"Wigilia Zwi\u0105zku Dru\u017cyn"},"content":{"rendered":"\n<p>Wczoraj odby\u0142a si\u0119 wigilia naszego Zwi\u0105zku Dru\u017cyn. Na pocz\u0105tek mogli\u015bmy podziwia\u0107 wspania\u0142\u0105 gr\u0119 aktorsk\u0105 naszych uroczych zuch\u00f3w i za\u015bpiewa\u0107 kol\u0119dy wraz z naszymi harcerzami, rodzicami i przyjaci\u00f3\u0142mi. Ogromnie gratulujemy naszej gromadzie wspania\u0142ego wyst\u0119pu. Harcerze z innych dru\u017cyn r\u00f3wnie\u017c mieli swoich 5 minut. Po raz kolejny mieli\u015bmy zaszczyt za\u015bpiewa\u0107 na mszy \u015bwi\u0119tej w farze, na kt\u00f3rej zosta\u0142o przekazane Betlejemskie \u015awiat\u0142o Pokoju. Nast\u0119pnie udali\u015bmy si\u0119 na pleszewski rynek, by tam podzieli\u0107 si\u0119 z mieszka\u0144cami \u015awiat\u0142em i zako\u0144czy\u0107 uroczysto\u015b\u0107 kr\u0119giem.<br>Ju\u017c teraz zapraszamy na rynek w najbli\u017csz\u0105 niedziel\u0119 (24.12) w godzinach 11:00 &#8211; 13:00, aby ci, kt\u00f3rych nie by\u0142o z nami wczoraj, mogli wzi\u0105\u0107 \u015awiat\u0142o do swoich dom\u00f3w. <\/p>\n\n\n\n<div class=\"wp-block-image\"><figure class=\"aligncenter size-large\"><a href=\"https:\/\/photos.app.goo.gl\/m6S374SNfI4J8too2\" target=\"_blank\" rel=\"noreferrer noopener\"><img decoding=\"async\" src=\"blob:http:\/\/pleszew.zhp.wlkp.pl\/476234bd-4f7b-459e-be0e-dbcc4f1ec895\" alt=\"\"\/><\/a><\/figure><\/div>\n","protected":false},"excerpt":{"rendered":"<p class=\"excerpt\">Wczoraj odby\u0142a si\u0119 wigilia naszego Zwi\u0105zku Dru\u017cyn. Na pocz\u0105tek mogli\u015bmy podziwia\u0107 wspania\u0142\u0105 gr\u0119 aktorsk\u0105 naszych uroczych zuch\u00f3w i za\u015bpiewa\u0107 kol\u0119dy wraz z naszymi harcerzami, rodzicami i przyjaci\u00f3\u0142mi. Ogromnie gratulujemy naszej gromadzie wspania\u0142ego wyst\u0119pu. Harcerze z innych dru\u017cyn r\u00f3wnie\u017c mieli swoich 5 minut. Po raz kolejny mieli\u015bmy zaszczyt za\u015bpiewa\u0107 na mszy \u015bwi\u0119tej w farze, na kt\u00f3rej zosta\u0142o przekazane Betlejemskie \u015awiat\u0142o Pokoju.&hellip; <a href=\"https:\/\/pleszew.zhp.wlkp.pl\/?p=684\">Read more &rarr;<\/a><\/p>\n","protected":false},"author":2,"featured_media":685,"comment_status":"open","ping_status":"open","sticky":false,"template":"","format":"standard","meta":{"_jetpack_memberships_contains_paid_content":false,"footnotes":""},"categories":[1],"tags":[],"class_list":["post-684","post","type-post","status-publish","format-standard","has-post-thumbnail","hentry","category-bez-kategorii","xfolkentry"],"jetpack_featured_media_url":"https:\/\/pleszew.zhp.wlkp.pl\/wp-content\/uploads\/2020\/03\/DSC_0115-scaled.jpg","jetpack_sharing_enabled":true,"_links":{"self":[{"href":"https:\/\/pleszew.zhp.wlkp.pl\/index.php?rest_route=\/wp\/v2\/posts\/684","targetHints":{"allow":["GET"]}}],"collection":[{"href":"https:\/\/pleszew.zhp.wlkp.pl\/index.php?rest_route=\/wp\/v2\/posts"}],"about":[{"href":"https:\/\/pleszew.zhp.wlkp.pl\/index.php?rest_route=\/wp\/v2\/types\/post"}],"author":[{"embeddable":true,"href":"https:\/\/pleszew.zhp.wlkp.pl\/index.php?rest_route=\/wp\/v2\/users\/2"}],"replies":[{"embeddable":true,"href":"https:\/\/pleszew.zhp.wlkp.pl\/index.php?rest_route=%2Fwp%2Fv2%2Fcomments&post=684"}],"version-history":[{"count":1,"href":"https:\/\/pleszew.zhp.wlkp.pl\/index.php?rest_route=\/wp\/v2\/posts\/684\/revisions"}],"predecessor-version":[{"id":686,"href":"https:\/\/pleszew.zhp.wlkp.pl\/index.php?rest_route=\/wp\/v2\/posts\/684\/revisions\/686"}],"wp:featuredmedia":[{"embeddable":true,"href":"https:\/\/pleszew.zhp.wlkp.pl\/index.php?rest_route=\/wp\/v2\/media\/685"}],"wp:attachment":[{"href":"https:\/\/pleszew.zhp.wlkp.pl\/index.php?rest_route=%2Fwp%2Fv2%2Fmedia&parent=684"}],"wp:term":[{"taxonomy":"category","embeddable":true,"href":"https:\/\/pleszew.zhp.wlkp.pl\/index.php?rest_route=%2Fwp%2Fv2%2Fcategories&post=684"},{"taxonomy":"post_tag","embeddable":true,"href":"https:\/\/pleszew.zhp.wlkp.pl\/index.php?rest_route=%2Fwp%2Fv2%2Ftags&post=684"}],"curies":[{"name":"wp","href":"https:\/\/api.w.org\/{rel}","templated":true}]}}