{"id":856,"date":"2016-12-27T23:27:00","date_gmt":"2016-12-27T22:27:00","guid":{"rendered":"http:\/\/pleszew.zhp.wlkp.pl\/?p=856"},"modified":"2020-03-19T23:28:53","modified_gmt":"2020-03-19T22:28:53","slug":"wigilia-dla-samotnych","status":"publish","type":"post","link":"https:\/\/pleszew.zhp.wlkp.pl\/?p=856","title":{"rendered":"Wigilia dla samotnych"},"content":{"rendered":"\n<p>13 grudnia byli\u015bmy na wigilii dla samotnych, kt\u00f3ra odbywa\u0142a si\u0119 w Domu Parafialnym w Pleszewie. Przynie\u015bli\u015bmy na ni\u0105 Betlejemskie \u015awiat\u0142o Pokoju, a nast\u0119pnie pe\u0142nili\u015bmy s\u0142u\u017cb\u0119 w szatni, gdzie byli\u015bmy odpowiedzialni za kurtki przyby\u0142ych go\u015bci. <\/p>\n\n\n\n<div class=\"wp-block-image\"><figure class=\"aligncenter size-large\"><a href=\"https:\/\/goo.gl\/photos\/dqRRG42iwaRDxtca7\" target=\"_blank\" rel=\"noreferrer noopener\"><img loading=\"lazy\" decoding=\"async\" width=\"960\" height=\"539\" src=\"http:\/\/pleszew.zhp.wlkp.pl\/wp-content\/uploads\/2020\/03\/01.jpg\" alt=\"\" class=\"wp-image-857\" srcset=\"https:\/\/pleszew.zhp.wlkp.pl\/wp-content\/uploads\/2020\/03\/01.jpg 960w, https:\/\/pleszew.zhp.wlkp.pl\/wp-content\/uploads\/2020\/03\/01-300x168.jpg 300w, https:\/\/pleszew.zhp.wlkp.pl\/wp-content\/uploads\/2020\/03\/01-768x431.jpg 768w\" sizes=\"auto, (max-width: 960px) 100vw, 960px\" \/><\/a><\/figure><\/div>\n","protected":false},"excerpt":{"rendered":"<p class=\"excerpt\">13 grudnia byli\u015bmy na wigilii dla samotnych, kt\u00f3ra odbywa\u0142a si\u0119 w Domu Parafialnym w Pleszewie. Przynie\u015bli\u015bmy na ni\u0105 Betlejemskie \u015awiat\u0142o Pokoju, a nast\u0119pnie pe\u0142nili\u015bmy s\u0142u\u017cb\u0119 w szatni, gdzie byli\u015bmy odpowiedzialni za kurtki przyby\u0142ych go\u015bci. <a href=\"https:\/\/pleszew.zhp.wlkp.pl\/?p=856\">Read more &rarr;<\/a><\/p>\n","protected":false},"author":2,"featured_media":857,"comment_status":"open","ping_status":"open","sticky":false,"template":"","format":"standard","meta":{"_jetpack_memberships_contains_paid_content":false,"footnotes":""},"categories":[1],"tags":[],"class_list":["post-856","post","type-post","status-publish","format-standard","has-post-thumbnail","hentry","category-bez-kategorii","xfolkentry"],"jetpack_featured_media_url":"https:\/\/pleszew.zhp.wlkp.pl\/wp-content\/uploads\/2020\/03\/01.jpg","jetpack_sharing_enabled":true,"_links":{"self":[{"href":"https:\/\/pleszew.zhp.wlkp.pl\/index.php?rest_route=\/wp\/v2\/posts\/856","targetHints":{"allow":["GET"]}}],"collection":[{"href":"https:\/\/pleszew.zhp.wlkp.pl\/index.php?rest_route=\/wp\/v2\/posts"}],"about":[{"href":"https:\/\/pleszew.zhp.wlkp.pl\/index.php?rest_route=\/wp\/v2\/types\/post"}],"author":[{"embeddable":true,"href":"https:\/\/pleszew.zhp.wlkp.pl\/index.php?rest_route=\/wp\/v2\/users\/2"}],"replies":[{"embeddable":true,"href":"https:\/\/pleszew.zhp.wlkp.pl\/index.php?rest_route=%2Fwp%2Fv2%2Fcomments&post=856"}],"version-history":[{"count":1,"href":"https:\/\/pleszew.zhp.wlkp.pl\/index.php?rest_route=\/wp\/v2\/posts\/856\/revisions"}],"predecessor-version":[{"id":858,"href":"https:\/\/pleszew.zhp.wlkp.pl\/index.php?rest_route=\/wp\/v2\/posts\/856\/revisions\/858"}],"wp:featuredmedia":[{"embeddable":true,"href":"https:\/\/pleszew.zhp.wlkp.pl\/index.php?rest_route=\/wp\/v2\/media\/857"}],"wp:attachment":[{"href":"https:\/\/pleszew.zhp.wlkp.pl\/index.php?rest_route=%2Fwp%2Fv2%2Fmedia&parent=856"}],"wp:term":[{"taxonomy":"category","embeddable":true,"href":"https:\/\/pleszew.zhp.wlkp.pl\/index.php?rest_route=%2Fwp%2Fv2%2Fcategories&post=856"},{"taxonomy":"post_tag","embeddable":true,"href":"https:\/\/pleszew.zhp.wlkp.pl\/index.php?rest_route=%2Fwp%2Fv2%2Ftags&post=856"}],"curies":[{"name":"wp","href":"https:\/\/api.w.org\/{rel}","templated":true}]}}