{"id":901,"date":"2020-04-18T12:38:00","date_gmt":"2020-04-18T10:38:00","guid":{"rendered":"http:\/\/pleszew.zhp.wlkp.pl\/?p=901"},"modified":"2020-04-26T12:59:25","modified_gmt":"2020-04-26T10:59:25","slug":"sluzba-w-czasach-pandemii","status":"publish","type":"post","link":"https:\/\/pleszew.zhp.wlkp.pl\/?p=901","title":{"rendered":"S\u0142u\u017cba w czasach pandemii"},"content":{"rendered":"\n<p>Dzi\u015b nasi pe\u0142noletni harcerze: pwd. Eryk Nawrocki HO, \u0107w. Mateusz Kochanowski, m\u0142. Filip Walendowski, \u0107w. Bartek Go\u015bciniak, \u0107w. Norbert Rybarczyk roznosili maseczki na osiedlu Mieszka I i Boles\u0142awa Krzywoustego. \u0141\u0105cznie uda\u0142o im si\u0119 rozda\u0107 1441 maseczek.<br>S\u0142u\u017cba!<\/p>\n\n\n<div id=\"su_carousel_69ec80fc87ceb\" class=\"su-carousel su-carousel-centered su-carousel-pages-no su-carousel-responsive-yes\" style=\"width:100%\" data-autoplay=\"3000\" data-speed=\"600\" data-mousewheel=\"true\" data-items=\"3\" data-scroll=\"1\"><div class=\"su-carousel-slides\"><div class=\"su-carousel-slide\"><a href=\"https:\/\/pleszew.zhp.wlkp.pl\/wp-content\/uploads\/2020\/04\/93656688_3677469775660478_4071598231757258752_n.jpg\" target=\"_blank\" title=\"93656688_3677469775660478_4071598231757258752_n\"><img decoding=\"async\" src=\"https:\/\/pleszew.zhp.wlkp.pl\/wp-content\/uploads\/2020\/04\/93656688_3677469775660478_4071598231757258752_n-182x220.jpg\" alt=\"93656688_3677469775660478_4071598231757258752_n\" \/><\/a><\/div><div class=\"su-carousel-slide\"><a href=\"https:\/\/pleszew.zhp.wlkp.pl\/wp-content\/uploads\/2020\/04\/1.jpg\" target=\"_blank\" title=\"1\"><img decoding=\"async\" src=\"https:\/\/pleszew.zhp.wlkp.pl\/wp-content\/uploads\/2020\/04\/1-182x220.jpg\" alt=\"1\" \/><\/a><\/div><div class=\"su-carousel-slide\"><a href=\"https:\/\/pleszew.zhp.wlkp.pl\/wp-content\/uploads\/2020\/04\/93518756_3677469815660474_3898907050008117248_n.jpg\" target=\"_blank\" title=\"93518756_3677469815660474_3898907050008117248_n\"><img decoding=\"async\" src=\"https:\/\/pleszew.zhp.wlkp.pl\/wp-content\/uploads\/2020\/04\/93518756_3677469815660474_3898907050008117248_n-182x220.jpg\" alt=\"93518756_3677469815660474_3898907050008117248_n\" \/><\/a><\/div><div class=\"su-carousel-slide\"><a href=\"https:\/\/pleszew.zhp.wlkp.pl\/wp-content\/uploads\/2020\/04\/2.jpg\" target=\"_blank\" title=\"2\"><img decoding=\"async\" src=\"https:\/\/pleszew.zhp.wlkp.pl\/wp-content\/uploads\/2020\/04\/2-182x220.jpg\" alt=\"2\" \/><\/a><\/div><\/div><div class=\"su-carousel-nav\"><div class=\"su-carousel-direction\"><span class=\"su-carousel-prev\"><\/span><span class=\"su-carousel-next\"><\/span><\/div><div class=\"su-carousel-pagination\"><\/div><\/div><\/div>\n\n\n\n<p><\/p>\n","protected":false},"excerpt":{"rendered":"<p class=\"excerpt\">Dzi\u015b nasi pe\u0142noletni harcerze: pwd. Eryk Nawrocki HO, \u0107w. Mateusz Kochanowski, m\u0142. Filip Walendowski, \u0107w. Bartek Go\u015bciniak, \u0107w. Norbert Rybarczyk roznosili maseczki na osiedlu Mieszka I i Boles\u0142awa Krzywoustego. \u0141\u0105cznie uda\u0142o im si\u0119 rozda\u0107 1441 maseczek.S\u0142u\u017cba! <a href=\"https:\/\/pleszew.zhp.wlkp.pl\/?p=901\">Read more &rarr;<\/a><\/p>\n","protected":false},"author":2,"featured_media":903,"comment_status":"open","ping_status":"open","sticky":false,"template":"","format":"standard","meta":{"_jetpack_memberships_contains_paid_content":false,"footnotes":""},"categories":[1],"tags":[],"class_list":["post-901","post","type-post","status-publish","format-standard","has-post-thumbnail","hentry","category-bez-kategorii","xfolkentry"],"jetpack_featured_media_url":"https:\/\/pleszew.zhp.wlkp.pl\/wp-content\/uploads\/2020\/04\/2.jpg","jetpack_sharing_enabled":true,"_links":{"self":[{"href":"https:\/\/pleszew.zhp.wlkp.pl\/index.php?rest_route=\/wp\/v2\/posts\/901","targetHints":{"allow":["GET"]}}],"collection":[{"href":"https:\/\/pleszew.zhp.wlkp.pl\/index.php?rest_route=\/wp\/v2\/posts"}],"about":[{"href":"https:\/\/pleszew.zhp.wlkp.pl\/index.php?rest_route=\/wp\/v2\/types\/post"}],"author":[{"embeddable":true,"href":"https:\/\/pleszew.zhp.wlkp.pl\/index.php?rest_route=\/wp\/v2\/users\/2"}],"replies":[{"embeddable":true,"href":"https:\/\/pleszew.zhp.wlkp.pl\/index.php?rest_route=%2Fwp%2Fv2%2Fcomments&post=901"}],"version-history":[{"count":10,"href":"https:\/\/pleszew.zhp.wlkp.pl\/index.php?rest_route=\/wp\/v2\/posts\/901\/revisions"}],"predecessor-version":[{"id":915,"href":"https:\/\/pleszew.zhp.wlkp.pl\/index.php?rest_route=\/wp\/v2\/posts\/901\/revisions\/915"}],"wp:featuredmedia":[{"embeddable":true,"href":"https:\/\/pleszew.zhp.wlkp.pl\/index.php?rest_route=\/wp\/v2\/media\/903"}],"wp:attachment":[{"href":"https:\/\/pleszew.zhp.wlkp.pl\/index.php?rest_route=%2Fwp%2Fv2%2Fmedia&parent=901"}],"wp:term":[{"taxonomy":"category","embeddable":true,"href":"https:\/\/pleszew.zhp.wlkp.pl\/index.php?rest_route=%2Fwp%2Fv2%2Fcategories&post=901"},{"taxonomy":"post_tag","embeddable":true,"href":"https:\/\/pleszew.zhp.wlkp.pl\/index.php?rest_route=%2Fwp%2Fv2%2Ftags&post=901"}],"curies":[{"name":"wp","href":"https:\/\/api.w.org\/{rel}","templated":true}]}}